{"id":64174,"date":"2020-07-15T13:12:27","date_gmt":"2020-07-15T16:12:27","guid":{"rendered":"https:\/\/www.actualidadadiario.com\/?p=64174"},"modified":"2020-07-30T16:03:21","modified_gmt":"2020-07-30T19:03:21","slug":"fallecio-en-concordia-un-paciente-que-padecia-enfermedades-cronicas-con-covid-19","status":"publish","type":"post","link":"https:\/\/www.actualidadadiario.com\/index.php\/2020\/07\/15\/fallecio-en-concordia-un-paciente-que-padecia-enfermedades-cronicas-con-covid-19\/","title":{"rendered":"Falleci\u00f3 en Concordia un paciente que padec\u00eda enfermedades cr\u00f3nicas con Covid-19"},"content":{"rendered":"<p style=\"text-align: center;\"><em><strong>En el hospital Masvernat de Concordia se registr\u00f3 la tercera muerte de la provincia de un paciente con Coronavirus. Se trata de un hombre de 70 a\u00f1os, oriundo de Santa Ana \u2013Federaci\u00f3n-, con diagn\u00f3stico de neumon\u00eda por Covid-19 asociado a falla renal aguda en hemodi\u00e1lisis<\/strong><\/em><\/p>\n<p>&nbsp;<\/p>\n<p>&nbsp;<\/p>\n<p>Falleci\u00f3 un hombre de 70 a\u00f1os de Santa Ana \u2013Departamento Federaci\u00f3n- que se encontraba internado en la Unidad Respiratoria Aguda Covid-19 (URAC19) del hospital Delicia Concepci\u00f3n Masvernat de Concordia. Presentaba severas patolog\u00edas cr\u00f3nicas como cardiopat\u00eda, diabetes e hipertensi\u00f3n.<\/p>\n<p>Al paciente se le hab\u00eda detectado Covid-19, y estuvo nueve d\u00edas con Asistencia Respiratoria Mec\u00e1nica (ARM) por un cuadro de neumon\u00eda. Falleci\u00f3 en la madrugada de este mi\u00e9rcoles en la ciudad de Concordia. Registraba severas patolog\u00edas subyacentes y se encontraba bajo tratamiento de hemodi\u00e1lisis.<\/p>\n<p>Anteriormente, el hombre oriundo del Departamento Federaci\u00f3n, hab\u00eda estado internado en el hospital Santa Rosa de Chajar\u00ed, siendo derivado a Concordia por su estado agudo.<\/p>\n<p>Si bien hab\u00eda contra\u00eddo el virus, es dif\u00edcil atribuirlo directamente como causa de su fallecimiento debido a sus patolog\u00edas cr\u00f3nicas.<\/p>\n<p>Este deceso se suma a los dos acaecidos ayer y antes de ayer en la ciudad de Paran\u00e1.<\/p>\n","protected":false},"excerpt":{"rendered":"<p>En el hospital Masvernat de Concordia se registr\u00f3 la tercera muerte de la provincia de un paciente con Coronavirus. Se trata de un hombre de 70 a\u00f1os, oriundo de Santa Ana \u2013Federaci\u00f3n-, con diagn\u00f3stico de neumon\u00eda por Covid-19 asociado a falla renal aguda en hemodi\u00e1lisis &nbsp; &nbsp; Falleci\u00f3 un hombre de 70 a\u00f1os de Santa Ana \u2013Departamento Federaci\u00f3n- que se encontraba internado en la Unidad Respiratoria Aguda Covid-19 (URAC19) del hospital Delicia Concepci\u00f3n Masvernat de Concordia. Presentaba severas patolog\u00edas cr\u00f3nicas como cardiopat\u00eda, diabetes e hipertensi\u00f3n. Al paciente se le hab\u00eda&#8230;<\/p>\n","protected":false},"author":3,"featured_media":63977,"comment_status":"closed","ping_status":"closed","sticky":false,"template":"","format":"standard","meta":[],"categories":[15],"tags":[],"_links":{"self":[{"href":"https:\/\/www.actualidadadiario.com\/index.php\/wp-json\/wp\/v2\/posts\/64174"}],"collection":[{"href":"https:\/\/www.actualidadadiario.com\/index.php\/wp-json\/wp\/v2\/posts"}],"about":[{"href":"https:\/\/www.actualidadadiario.com\/index.php\/wp-json\/wp\/v2\/types\/post"}],"author":[{"embeddable":true,"href":"https:\/\/www.actualidadadiario.com\/index.php\/wp-json\/wp\/v2\/users\/3"}],"replies":[{"embeddable":true,"href":"https:\/\/www.actualidadadiario.com\/index.php\/wp-json\/wp\/v2\/comments?post=64174"}],"version-history":[{"count":1,"href":"https:\/\/www.actualidadadiario.com\/index.php\/wp-json\/wp\/v2\/posts\/64174\/revisions"}],"predecessor-version":[{"id":64175,"href":"https:\/\/www.actualidadadiario.com\/index.php\/wp-json\/wp\/v2\/posts\/64174\/revisions\/64175"}],"wp:featuredmedia":[{"embeddable":true,"href":"https:\/\/www.actualidadadiario.com\/index.php\/wp-json\/wp\/v2\/media\/63977"}],"wp:attachment":[{"href":"https:\/\/www.actualidadadiario.com\/index.php\/wp-json\/wp\/v2\/media?parent=64174"}],"wp:term":[{"taxonomy":"category","embeddable":true,"href":"https:\/\/www.actualidadadiario.com\/index.php\/wp-json\/wp\/v2\/categories?post=64174"},{"taxonomy":"post_tag","embeddable":true,"href":"https:\/\/www.actualidadadiario.com\/index.php\/wp-json\/wp\/v2\/tags?post=64174"}],"curies":[{"name":"wp","href":"https:\/\/api.w.org\/{rel}","templated":true}]}}