{"id":64169,"date":"2020-07-15T13:10:51","date_gmt":"2020-07-15T16:10:51","guid":{"rendered":"https:\/\/www.actualidadadiario.com\/?p=64169"},"modified":"2020-07-30T16:03:21","modified_gmt":"2020-07-30T19:03:21","slug":"este-miercoles-se-registraron-10-nuevos-casos-de-coronavirus-en-entre-rios-2","status":"publish","type":"post","link":"https:\/\/www.actualidadadiario.com\/index.php\/2020\/07\/15\/este-miercoles-se-registraron-10-nuevos-casos-de-coronavirus-en-entre-rios-2\/","title":{"rendered":"Este mi\u00e9rcoles se registraron 10 nuevos casos de coronavirus en Entre R\u00edos"},"content":{"rendered":"<p style=\"text-align: center;\"><em><strong>El \u00e1rea de Vigilancia Epidemiol\u00f3gica del Ministerio de Salud, confirm\u00f3 que este mi\u00e9rcoles en Entre R\u00edos se registraron 10 nuevos casos de coronavirus<\/strong><\/em><\/p>\n<p>&nbsp;<\/p>\n<p>&nbsp;<\/p>\n<p>Los cinco primeros casos corresponden a la ciudad de Paran\u00e1, tres son contactos estrechos de casos confirmados y los dos restantes sus nexos epidemiol\u00f3gicos se encuentran en investigaci\u00f3n.<\/p>\n<p>Otros cuatro casos fueron detectados en la localidad de Gualeguaych\u00fa, tres son contactos estrechos de personas confirmadas de coronavirus y el restante tiene antecedente de viaje a zona de transmisi\u00f3n comunitaria dentro del pa\u00eds.<\/p>\n<p>Finalmente otro caso fue detectado en la ciudad de Diamante, y es contacto estrecho de paciente con Covid-19.<\/p>\n<p>De ese modo, en la provincia son 559 los casos confirmados.<\/p>\n","protected":false},"excerpt":{"rendered":"<p>El \u00e1rea de Vigilancia Epidemiol\u00f3gica del Ministerio de Salud, confirm\u00f3 que este mi\u00e9rcoles en Entre R\u00edos se registraron 10 nuevos casos de coronavirus &nbsp; &nbsp; Los cinco primeros casos corresponden a la ciudad de Paran\u00e1, tres son contactos estrechos de casos confirmados y los dos restantes sus nexos epidemiol\u00f3gicos se encuentran en investigaci\u00f3n. Otros cuatro casos fueron detectados en la localidad de Gualeguaych\u00fa, tres son contactos estrechos de personas confirmadas de coronavirus y el restante tiene antecedente de viaje a zona de transmisi\u00f3n comunitaria dentro del pa\u00eds. Finalmente otro caso&#8230;<\/p>\n","protected":false},"author":3,"featured_media":64106,"comment_status":"closed","ping_status":"closed","sticky":false,"template":"","format":"standard","meta":[],"categories":[9],"tags":[],"_links":{"self":[{"href":"https:\/\/www.actualidadadiario.com\/index.php\/wp-json\/wp\/v2\/posts\/64169"}],"collection":[{"href":"https:\/\/www.actualidadadiario.com\/index.php\/wp-json\/wp\/v2\/posts"}],"about":[{"href":"https:\/\/www.actualidadadiario.com\/index.php\/wp-json\/wp\/v2\/types\/post"}],"author":[{"embeddable":true,"href":"https:\/\/www.actualidadadiario.com\/index.php\/wp-json\/wp\/v2\/users\/3"}],"replies":[{"embeddable":true,"href":"https:\/\/www.actualidadadiario.com\/index.php\/wp-json\/wp\/v2\/comments?post=64169"}],"version-history":[{"count":1,"href":"https:\/\/www.actualidadadiario.com\/index.php\/wp-json\/wp\/v2\/posts\/64169\/revisions"}],"predecessor-version":[{"id":64170,"href":"https:\/\/www.actualidadadiario.com\/index.php\/wp-json\/wp\/v2\/posts\/64169\/revisions\/64170"}],"wp:featuredmedia":[{"embeddable":true,"href":"https:\/\/www.actualidadadiario.com\/index.php\/wp-json\/wp\/v2\/media\/64106"}],"wp:attachment":[{"href":"https:\/\/www.actualidadadiario.com\/index.php\/wp-json\/wp\/v2\/media?parent=64169"}],"wp:term":[{"taxonomy":"category","embeddable":true,"href":"https:\/\/www.actualidadadiario.com\/index.php\/wp-json\/wp\/v2\/categories?post=64169"},{"taxonomy":"post_tag","embeddable":true,"href":"https:\/\/www.actualidadadiario.com\/index.php\/wp-json\/wp\/v2\/tags?post=64169"}],"curies":[{"name":"wp","href":"https:\/\/api.w.org\/{rel}","templated":true}]}}