{"id":64166,"date":"2020-07-15T13:10:03","date_gmt":"2020-07-15T16:10:03","guid":{"rendered":"https:\/\/www.actualidadadiario.com\/?p=64166"},"modified":"2020-07-30T16:03:21","modified_gmt":"2020-07-30T19:03:21","slug":"bordet-destaco-la-respuesta-del-sistema-sanitario-a-la-pandemia-y-pidio-que-no-se-circule-de-forma-innecesaria","status":"publish","type":"post","link":"https:\/\/www.actualidadadiario.com\/index.php\/2020\/07\/15\/bordet-destaco-la-respuesta-del-sistema-sanitario-a-la-pandemia-y-pidio-que-no-se-circule-de-forma-innecesaria\/","title":{"rendered":"Bordet destac\u00f3 la respuesta del sistema sanitario a la pandemia y pidi\u00f3 que no se circule de forma innecesaria"},"content":{"rendered":"<p style=\"text-align: center;\"><em><strong>\u201cEl sistema sanitario de la provincia ha respondido perfectamente. Nos preparamos para esto. Por eso es importante que en las ciudades donde hay transmisi\u00f3n por conglomerado reduzcan la circulaci\u00f3n, apelando a la responsabilidad individual de cada ciudadano\u201d, dijo este martes el gobernador Bordet<\/strong><\/em><\/p>\n<p>&nbsp;<\/p>\n<p>&nbsp;<\/p>\n<p>\u201cNo puede haber circulaci\u00f3n de personas de manera innecesaria. La circulaci\u00f3n provoca los contagios, y se ponen en riesgo los logros que hemos conseguido, la actividad comercial y el empleo. Queremos preservar las fuentes de trabajo, queremos que los comercios sigan trabajando\u201d, manifest\u00f3.<\/p>\n<p>El gobernador de la provincia, Gustavo Bordet y el intendente de Paran\u00e1, Ad\u00e1n Bahl, encabezaron esta tarde la conferencia de prensa virtual de la Casa Gris en la que se brind\u00f3 un informe provincial y se hizo hincapi\u00e9 en la situaci\u00f3n de Paran\u00e1 que se encuentra en la actualidad con transmisi\u00f3n local por conglomerado en transici\u00f3n epidemiol\u00f3gica. De no aplanar la curva de contagios la situaci\u00f3n se pasar\u00eda a otra clasificaci\u00f3n epidemiol\u00f3gica.<\/p>\n<p>&nbsp;<\/p>\n<p><strong>Situaci\u00f3n provincial<\/strong><\/p>\n<p>Bordet hizo saber &#8220;al d\u00eda de hoy presentamos un cuadro con 549 personas que han sido contagiadas de las cuales 163 est\u00e1n recuperadas. Tenemos 386 casos activos en toda la provincia. La curva de contagio en toda la provincia obedece tambi\u00e9n al crecimiento que ha tenido la pandemia en el pa\u00eds y Entre R\u00edos no escapa a la media nacional. Hemos registrado casos que se han producido en algunos departamentos. Con m\u00e1s cantidad, en otros con menos cantidad. Hemos estado trabajando con todos nuestros recursos humanos para ir mitigando los efectos en toda la provincia&#8221;.<\/p>\n<p>&#8220;El sistema sanitario de la provincia ha respondido perfectamente. Nos preparamos para esto. Hemos trabajado desde el comienzo cuando sab\u00edamos que esto era inminente. Fue Entre R\u00edos la primera provincia que constituy\u00f3 un Comit\u00e9 de Emergencia y esto nos permiti\u00f3 este tiempo tener un sistema sanitario que pueda albergar los pacientes en momentos cr\u00edticos y pudimos dar respuestas satisfactorias&#8221;, dijo.<\/p>\n<p>En ese sentido, remarc\u00f3 que &#8220;en algunas ciudades la situaci\u00f3n se present\u00f3 con casos de conglomerados, como en Villa del Rosario, Paran\u00e1, Gualeguaych\u00fa. Hay otras localidades como Col\u00f3n, San Jos\u00e9 e Ibicuy que acaban de salir de la situaci\u00f3n de conglomerado. Hemos tenido en la provincia la actividad econ\u00f3mica desarroll\u00e1ndose, hemos tenido el empleo fortalecido con las habilitaciones que hemos otorgado y estamos monitoreando permanentemente c\u00f3mo evolucionan los contagios en cada localidad para ir restringiendo o habilitando y de esta manera ir teniendo un monitoreo permanente&#8221;.<\/p>\n<p>&nbsp;<\/p>\n<p><strong>Capital provincial<\/strong><\/p>\n<p>&#8220;Hemos trabajado coordinadamente con todos los intendentes. He tomado contacto personalmente para ir viendo las distintas dificultades que est\u00e9n presentando los casos. Esto nos ha dado excelentes resultados. Paran\u00e1 no ha sido la excepci\u00f3n. Con el intendente Bahl estamos trabajando desde el d\u00eda cero para tener el m\u00ednimo efecto&#8221;, asegur\u00f3.<\/p>\n<p>Sobre la situaci\u00f3n de la capital entrerriana, explic\u00f3 que &#8220;se ha dado un aumento de contagios en las \u00faltimas semanas y no se ha conseguido achatar la curva en la medida que lo deseamos o necesitamos. Vamos a tomar medidas que evitan todo lo que sea la restricci\u00f3n de circulaci\u00f3n de personas, para poder lograr tener una situaci\u00f3n epidemiol\u00f3gica controlable. Es necesario reducir la cantidad de circulaci\u00f3n de personas al 25% o 30 % de lo que habitualmente circula en las calles. Es clave y necesario para no tener en el futuro un colapso en el sistema de salud&#8221;.<\/p>\n<p>&#8220;Evitar la circulaci\u00f3n significa establecer controles estrictos y severos que iniciar\u00e1n a partir de este mi\u00e9rcoles con todas las fuerzas de seguridad de la provincia, con todos los recursos que tiene el municipio, trabajando coordinadamente para impedir que haya circulaci\u00f3n de personas de manera innecesaria. Es lo que est\u00e1 demostrado y lo que han provocado los contagios. Pone en riesgo los logros que hemos conseguido y pone en riesgo que se tengan que cerrar los comercios en un futuro, se pone en riesgo el empleo. Queremos preservar las fuentes de trabajo, queremos que los comercios sigan trabajando. Hay que disminuir dr\u00e1sticamente la circulaci\u00f3n&#8221;, manifest\u00f3.<\/p>\n<p>&#8220;Pido responsabilidad a todos los ciudadanos y vecinos. Estableceremos mecanismos de control severos y estrictos para reducir al m\u00ednimo la circulaci\u00f3n de personas. Esto nos permitir\u00e1 salir de esta etapa de conglomerado y poder tener una nueva normalidad. Tenemos que acostumbrarnos, el planeta cambi\u00f3, el pa\u00eds cambi\u00f3. Cambiaron nuestras costumbres, nuestros h\u00e1bitos y en esta nueva normalidad tenemos que adaptarnos para cuidar al otro y a nosotros. Somos un estado presente y activo frente a esta pandemia que nos preocupa y nos tiene ocupados a todos&#8221;, asever\u00f3.<\/p>\n<p>Bordet afirm\u00f3 que &#8220;en la medida que vayamos teniendo muy bajos de contagio como ocurre en muchas localidades, hemos ido habilitando progresivamente nuevas actividades. Las \u00faltimas que habilitamos en los lugares donde no hay transmisi\u00f3n por conglomerado, son las de cultos religiosos, con l\u00edmites de personas, gimnasios, y en cuanto lo amerite la situaci\u00f3n iremos volviendo a esta nueva normalidad. No va a haber hasta que no haya una vacuna una normalidad como la que ten\u00edamos anteriormente&#8221;.<\/p>\n<p>&#8220;Por eso es importante que en las ciudades donde hay transmisi\u00f3n por conglomerado reduzcan la circulaci\u00f3n, se apele a la responsabilidad individual de cada ciudadano, de cada vecino para que mantenga las normas de autocuidado, no asistir a reuniones sociales, restringir al m\u00e1ximo las reuniones familiares, y por otro lado, mantener distanciamiento, usar tapabocas, y otras medidas de protecci\u00f3n. De esta manera, si lo hacemos vamos a superar m\u00e1s r\u00e1pido esta realidad y nos encaminaremos a ir volviendo a un estadio que es el que todos queremos&#8221;, puso relevancia.<\/p>\n<p>Expres\u00f3 finalmente que &#8220;transmito mis condolencias a las dos familias de las personas que han fallecido: un hombre oriundo de Segu\u00ed y otra persona de Paran\u00e1&#8221; y agreg\u00f3 que &#8220;agradezco a todo el personal que est\u00e1 trabajando en la provincia por el compromiso, la profesionalidad, la responsabilidad. Todos los d\u00edas dejan lo mejor de s\u00ed y arriesgan su salud para controlar la pandemia. Agradezco tambi\u00e9n a todos los entrerrianos porque s\u00e9 que est\u00e1n haciendo un esfuerzo muy grande. S\u00e9 que genera cansancio, fatiga, pero tenemos que sacar las fuerzas necesarias para poder tener cuanto antes una situaci\u00f3n de normalidad&#8221;.<\/p>\n","protected":false},"excerpt":{"rendered":"<p>\u201cEl sistema sanitario de la provincia ha respondido perfectamente. Nos preparamos para esto. Por eso es importante que en las ciudades donde hay transmisi\u00f3n por conglomerado reduzcan la circulaci\u00f3n, apelando a la responsabilidad individual de cada ciudadano\u201d, dijo este martes el gobernador Bordet &nbsp; &nbsp; \u201cNo puede haber circulaci\u00f3n de personas de manera innecesaria. La circulaci\u00f3n provoca los contagios, y se ponen en riesgo los logros que hemos conseguido, la actividad comercial y el empleo. Queremos preservar las fuentes de trabajo, queremos que los comercios sigan trabajando\u201d, manifest\u00f3. El gobernador&#8230;<\/p>\n","protected":false},"author":3,"featured_media":64167,"comment_status":"closed","ping_status":"closed","sticky":false,"template":"","format":"standard","meta":[],"categories":[9],"tags":[],"_links":{"self":[{"href":"https:\/\/www.actualidadadiario.com\/index.php\/wp-json\/wp\/v2\/posts\/64166"}],"collection":[{"href":"https:\/\/www.actualidadadiario.com\/index.php\/wp-json\/wp\/v2\/posts"}],"about":[{"href":"https:\/\/www.actualidadadiario.com\/index.php\/wp-json\/wp\/v2\/types\/post"}],"author":[{"embeddable":true,"href":"https:\/\/www.actualidadadiario.com\/index.php\/wp-json\/wp\/v2\/users\/3"}],"replies":[{"embeddable":true,"href":"https:\/\/www.actualidadadiario.com\/index.php\/wp-json\/wp\/v2\/comments?post=64166"}],"version-history":[{"count":1,"href":"https:\/\/www.actualidadadiario.com\/index.php\/wp-json\/wp\/v2\/posts\/64166\/revisions"}],"predecessor-version":[{"id":64168,"href":"https:\/\/www.actualidadadiario.com\/index.php\/wp-json\/wp\/v2\/posts\/64166\/revisions\/64168"}],"wp:featuredmedia":[{"embeddable":true,"href":"https:\/\/www.actualidadadiario.com\/index.php\/wp-json\/wp\/v2\/media\/64167"}],"wp:attachment":[{"href":"https:\/\/www.actualidadadiario.com\/index.php\/wp-json\/wp\/v2\/media?parent=64166"}],"wp:term":[{"taxonomy":"category","embeddable":true,"href":"https:\/\/www.actualidadadiario.com\/index.php\/wp-json\/wp\/v2\/categories?post=64166"},{"taxonomy":"post_tag","embeddable":true,"href":"https:\/\/www.actualidadadiario.com\/index.php\/wp-json\/wp\/v2\/tags?post=64166"}],"curies":[{"name":"wp","href":"https:\/\/api.w.org\/{rel}","templated":true}]}}