{"id":64157,"date":"2020-07-14T12:46:55","date_gmt":"2020-07-14T15:46:55","guid":{"rendered":"https:\/\/www.actualidadadiario.com\/?p=64157"},"modified":"2020-07-30T16:03:31","modified_gmt":"2020-07-30T19:03:31","slug":"brasil-indigna-a-san-pablo-un-caso-de-brutalidad-policial-contra-una-mujer-negra","status":"publish","type":"post","link":"https:\/\/www.actualidadadiario.com\/index.php\/2020\/07\/14\/brasil-indigna-a-san-pablo-un-caso-de-brutalidad-policial-contra-una-mujer-negra\/","title":{"rendered":"Brasil: indigna a San Pablo un caso de brutalidad policial contra una mujer negra"},"content":{"rendered":"<p style=\"text-align: center;\"><em><strong>Las autoridades anunciaron la suspensi\u00f3n del polic\u00eda que piso en el cuello a la mujer, tendida en el suelo despu\u00e9s de propinarle tres trompadas<\/strong><\/em><\/p>\n<p>&nbsp;<\/p>\n<p>&nbsp;<\/p>\n<p>El gobernador de San Pablo, Joao Doria, anunci\u00f3 que fue suspendido el polic\u00eda que pis\u00f3 el cuello de una mujer negra, que se encontraba tendida en el suelo en un barrio de la periferia de la capital de ese estado, el m\u00e1s importante de Brasil.<\/p>\n<p>Las im\u00e1genes del agente descargando todo el peso de su cuerpo sobre el cuello de la v\u00edctima frente a un bar del barrio Parelheiros, fueron divulgadas en la noche del domingo durante el programa Fant\u00e1stico, de la TV Globo.<\/p>\n<p>El video realizado por los vecinos de Parelheiros muestra a la mujer negra tendida junto a un auto estacionado, en una escena que guarda similitud con la registrada en Estados Unidos en mayo, cuando un polic\u00eda mat\u00f3 al ciudadano afroestadounidense George Floyd.<\/p>\n<p>&#8220;Las escenas exhibidas en el programa Fant\u00e1stico son inaceptables, la conducta violenta de algunos polic\u00edas no honra la calidad de la polic\u00eda de San Pablo&#8221;, afirm\u00f3 el gobernador Doria al anunciar la separaci\u00f3n de los agentes responsables del operativo.<\/p>\n<p>Con el rostro cubierto, pues dijo temer represalias, la mujer, de 51 a\u00f1os, declar\u00f3 que todo comenz\u00f3 cuando intercedi\u00f3 por un amigo que era agredido por la polic\u00eda.<\/p>\n<p>&#8220;Le ped\u00ed al polic\u00eda que no lo agreda m\u00e1s, le ped\u00ed que pare, me dio tres trompadas, pis\u00f3 mi cuello, coloc\u00f3 la rodilla izquierda sobre m\u00ed&#8221;, afirm\u00f3.<\/p>\n<p>La mujer sufri\u00f3 lesiones en la espalda, tuvo la tibia quebrada y debi\u00f3 ser sometida a una cirug\u00eda.<\/p>\n<p>El agente &#8220;podr\u00eda haber quebrado el cuello, podr\u00eda haber obstruido el paso de aire&#8221; de la mujer, se\u00f1al\u00f3 una especialista del Forum Brasile\u00f1o de Seguridad P\u00fablica.<\/p>\n","protected":false},"excerpt":{"rendered":"<p>Las autoridades anunciaron la suspensi\u00f3n del polic\u00eda que piso en el cuello a la mujer, tendida en el suelo despu\u00e9s de propinarle tres trompadas &nbsp; &nbsp; El gobernador de San Pablo, Joao Doria, anunci\u00f3 que fue suspendido el polic\u00eda que pis\u00f3 el cuello de una mujer negra, que se encontraba tendida en el suelo en un barrio de la periferia de la capital de ese estado, el m\u00e1s importante de Brasil. Las im\u00e1genes del agente descargando todo el peso de su cuerpo sobre el cuello de la v\u00edctima frente a&#8230;<\/p>\n","protected":false},"author":3,"featured_media":64158,"comment_status":"closed","ping_status":"closed","sticky":false,"template":"","format":"standard","meta":[],"categories":[4],"tags":[],"_links":{"self":[{"href":"https:\/\/www.actualidadadiario.com\/index.php\/wp-json\/wp\/v2\/posts\/64157"}],"collection":[{"href":"https:\/\/www.actualidadadiario.com\/index.php\/wp-json\/wp\/v2\/posts"}],"about":[{"href":"https:\/\/www.actualidadadiario.com\/index.php\/wp-json\/wp\/v2\/types\/post"}],"author":[{"embeddable":true,"href":"https:\/\/www.actualidadadiario.com\/index.php\/wp-json\/wp\/v2\/users\/3"}],"replies":[{"embeddable":true,"href":"https:\/\/www.actualidadadiario.com\/index.php\/wp-json\/wp\/v2\/comments?post=64157"}],"version-history":[{"count":1,"href":"https:\/\/www.actualidadadiario.com\/index.php\/wp-json\/wp\/v2\/posts\/64157\/revisions"}],"predecessor-version":[{"id":64159,"href":"https:\/\/www.actualidadadiario.com\/index.php\/wp-json\/wp\/v2\/posts\/64157\/revisions\/64159"}],"wp:featuredmedia":[{"embeddable":true,"href":"https:\/\/www.actualidadadiario.com\/index.php\/wp-json\/wp\/v2\/media\/64158"}],"wp:attachment":[{"href":"https:\/\/www.actualidadadiario.com\/index.php\/wp-json\/wp\/v2\/media?parent=64157"}],"wp:term":[{"taxonomy":"category","embeddable":true,"href":"https:\/\/www.actualidadadiario.com\/index.php\/wp-json\/wp\/v2\/categories?post=64157"},{"taxonomy":"post_tag","embeddable":true,"href":"https:\/\/www.actualidadadiario.com\/index.php\/wp-json\/wp\/v2\/tags?post=64157"}],"curies":[{"name":"wp","href":"https:\/\/api.w.org\/{rel}","templated":true}]}}