{"id":64149,"date":"2020-07-14T12:44:38","date_gmt":"2020-07-14T15:44:38","guid":{"rendered":"https:\/\/www.actualidadadiario.com\/?p=64149"},"modified":"2020-07-30T16:03:31","modified_gmt":"2020-07-30T19:03:31","slug":"los-lazos-de-la-familia-pinera-con-pinochet-detras-de-la-defensa-del-gobierno-a-las-afp","status":"publish","type":"post","link":"https:\/\/www.actualidadadiario.com\/index.php\/2020\/07\/14\/los-lazos-de-la-familia-pinera-con-pinochet-detras-de-la-defensa-del-gobierno-a-las-afp\/","title":{"rendered":"Los lazos de la familia Pi\u00f1era con Pinochet detr\u00e1s de la defensa del gobierno a las AFP"},"content":{"rendered":"<p style=\"text-align: center;\"><em><strong>El hermano del presidente rechazo p\u00fablicamente el avance sobre los fondos privados. Su familia estuvo en el origen del sistema<\/strong><\/em><\/p>\n<p>&nbsp;<\/p>\n<p>&nbsp;<\/p>\n<p>La hist\u00f3rica aprobaci\u00f3n en la C\u00e1mara de Diputados al proyecto de reforma de las AFP no s\u00f3lo constituye una dura derrota del gobierno de Sebasti\u00e1n Pi\u00f1era sino que interpela directamente a toda la familia presidencial, part\u00edcipe fundamental de la creaci\u00f3n de este pilar del modelo econ\u00f3mico chileno.<\/p>\n<p>Mientras que el actual presidente lider\u00f3 el esquema de privatizaciones de la dictadura de Pinochet -con la compra de Lan a precio de remate como el caso m\u00e1s relevante-, su hermano Jos\u00e9 Pi\u00f1era fue el autor del sistema de pensiones de capitalizaci\u00f3n individual como ministro de Trabajo y Previsi\u00f3n Social de aquel gobierno de facto.<\/p>\n<p>El economista fue una pieza clave del gabinete de la dictadura. Adem\u00e1s del esquema previsional, lider\u00f3 la reforma laboral y la ley minera, cambios que forman parte de la columna vertebral del r\u00e9gimen neoliberal del pa\u00eds trasandino que comenz\u00f3 en la d\u00e9cada del 70&#8242; y que el propio Jos\u00e9 Pi\u00f1era denomina en su cuenta de Twitter como &#8220;las tres revoluciones por la libertad&#8221;.<\/p>\n<p>Con el retorno a la democracia, el hermano del presidente oper\u00f3 como un embajador de las AFP y a trav\u00e9s del Internacional Center for Pensi\u00f3n Reform, se dedic\u00f3 a hacer lobby por la privatizaci\u00f3n de los sistemas previsionales alrededor del mundo.<\/p>\n<p>&#8220;Hay 30 pa\u00edses que han seguido a Chile. He plantado banderas chilenas por todo el mundo. Yo viajo llevando una bandera y una experiencia chilena. Me siento orgullos\u00edsimo de lo que he hecho por Chile, por sentar las bases de este modelo extraordinario&#8221;, dijo en una entrevista al canal p\u00fablico Televisi\u00f3n Nacional, en la que corrige al periodista por no haber llamado &#8220;Presidente&#8221; a Pinochet. &#8220;Refi\u00e9rase con respeto&#8221;, pr\u00e1cticamente le orden\u00f3.<\/p>\n<p>All\u00ed, a su vez, calific\u00f3 al sistema de fondos de pensiones como &#8220;un Mercedes Benz&#8221;. &#8220;Es un auto extraordinario, bien hecho, sofisticado. Pero si no le ponen bencina (nafta en Chile), alguien puede decir que el Mercedes est\u00e1 malo. Obviamente que si una persona no ha ahorrado van a tener una pensi\u00f3n baja&#8221;, compar\u00f3.<\/p>\n<p>Es por eso que no sorprendi\u00f3 que la suya haya sido una de las primeras reacciones tras la aprobaci\u00f3n del proyecto opositor que permite el retiro del 10% de los fondos. &#8220;Nunca rendirse, nunca, nunca, nunca, en nada grande o peque\u00f1o. Nunca ceder excepto por convicciones de honor y sentido com\u00fan. Nunca ceder a la fuerza. Nunca ceder al aparente poder del enemigo&#8221;, public\u00f3 en una cita a Winston Churchill v\u00eda Twitter.<\/p>\n<p>De repetirse este resultado en el Senado, se tratar\u00eda de la mayor reforma en cuatro d\u00e9cadas del modelo chileno, lo que provoc\u00f3 una ola de recriminaciones mutuas y versiones de cambio de gabinete entre las distintas alas de la coalici\u00f3n oficialista.<\/p>\n<p>Sucede que la potencial ley fue apoyada por 13 diputados pertenecientes a las filas del gobierno y se teme que pueda suceder algo similar en el Senado. Sorprendentemente, el oficialismo no sali\u00f3 a contener a sus aliados, sino que a trav\u00e9s del ministro del Interior sugiri\u00f3 una posible ruptura de la coalici\u00f3n.<\/p>\n<p>&#8220;Para el gobierno es incomprensible que haya parlamentarios oficialistas que voten por proyectos o ideas ajenas a nuestro ideario. Hay que trasparentar la realidad, quiz\u00e1s vamos a tener una coalici\u00f3n algo m\u00e1s chica, m\u00e1s acotada, pero esperamos con un trabajo m\u00e1s cohesionado, con mucha mayor convicci\u00f3n y con la capacidad de fijar posiciones comunes en torno a las ideas que animan a la centroderecha, y eso es lo que se ha debilitado en el \u00faltimo tiempo&#8221;, advirti\u00f3 Gonzalo Blumel.<\/p>\n","protected":false},"excerpt":{"rendered":"<p>El hermano del presidente rechazo p\u00fablicamente el avance sobre los fondos privados. Su familia estuvo en el origen del sistema &nbsp; &nbsp; La hist\u00f3rica aprobaci\u00f3n en la C\u00e1mara de Diputados al proyecto de reforma de las AFP no s\u00f3lo constituye una dura derrota del gobierno de Sebasti\u00e1n Pi\u00f1era sino que interpela directamente a toda la familia presidencial, part\u00edcipe fundamental de la creaci\u00f3n de este pilar del modelo econ\u00f3mico chileno. Mientras que el actual presidente lider\u00f3 el esquema de privatizaciones de la dictadura de Pinochet -con la compra de Lan a&#8230;<\/p>\n","protected":false},"author":3,"featured_media":64150,"comment_status":"closed","ping_status":"closed","sticky":false,"template":"","format":"standard","meta":[],"categories":[4],"tags":[],"_links":{"self":[{"href":"https:\/\/www.actualidadadiario.com\/index.php\/wp-json\/wp\/v2\/posts\/64149"}],"collection":[{"href":"https:\/\/www.actualidadadiario.com\/index.php\/wp-json\/wp\/v2\/posts"}],"about":[{"href":"https:\/\/www.actualidadadiario.com\/index.php\/wp-json\/wp\/v2\/types\/post"}],"author":[{"embeddable":true,"href":"https:\/\/www.actualidadadiario.com\/index.php\/wp-json\/wp\/v2\/users\/3"}],"replies":[{"embeddable":true,"href":"https:\/\/www.actualidadadiario.com\/index.php\/wp-json\/wp\/v2\/comments?post=64149"}],"version-history":[{"count":1,"href":"https:\/\/www.actualidadadiario.com\/index.php\/wp-json\/wp\/v2\/posts\/64149\/revisions"}],"predecessor-version":[{"id":64151,"href":"https:\/\/www.actualidadadiario.com\/index.php\/wp-json\/wp\/v2\/posts\/64149\/revisions\/64151"}],"wp:featuredmedia":[{"embeddable":true,"href":"https:\/\/www.actualidadadiario.com\/index.php\/wp-json\/wp\/v2\/media\/64150"}],"wp:attachment":[{"href":"https:\/\/www.actualidadadiario.com\/index.php\/wp-json\/wp\/v2\/media?parent=64149"}],"wp:term":[{"taxonomy":"category","embeddable":true,"href":"https:\/\/www.actualidadadiario.com\/index.php\/wp-json\/wp\/v2\/categories?post=64149"},{"taxonomy":"post_tag","embeddable":true,"href":"https:\/\/www.actualidadadiario.com\/index.php\/wp-json\/wp\/v2\/tags?post=64149"}],"curies":[{"name":"wp","href":"https:\/\/api.w.org\/{rel}","templated":true}]}}