{"id":64146,"date":"2020-07-14T12:43:47","date_gmt":"2020-07-14T15:43:47","guid":{"rendered":"https:\/\/www.actualidadadiario.com\/?p=64146"},"modified":"2020-07-30T16:03:31","modified_gmt":"2020-07-30T19:03:31","slug":"el-gobierno-invertira-745-millones-para-equipamiento-y-modernizacion-en-ciencia","status":"publish","type":"post","link":"https:\/\/www.actualidadadiario.com\/index.php\/2020\/07\/14\/el-gobierno-invertira-745-millones-para-equipamiento-y-modernizacion-en-ciencia\/","title":{"rendered":"El Gobierno invertir\u00e1 $745 millones para equipamiento y modernizaci\u00f3n en ciencia"},"content":{"rendered":"<p style=\"text-align: center;\"><em><strong>El monto ser\u00e1 destinado a los laboratorios de ciencia y tecnolog\u00eda de todo el pa\u00eds e incluye $50 millones que la Jefatura de Gabinete reasign\u00f3 desde la Agencia Federal de Investigaciones<\/strong><\/em><\/p>\n<p>&nbsp;<\/p>\n<p>&nbsp;<\/p>\n<p>El jefe de Gabinete, Santiago Cafiero, se reunir\u00e1 este mediod\u00eda con el Ministro de Ciencia, Tecnolog\u00eda e Innovaci\u00f3n, Roberto Salvarezza y el titular de la Agencia Nacional de Promoci\u00f3n Cient\u00edfica y Tecnol\u00f3gica, Fernando Peirano, para analizar una inversi\u00f3n de $745 millones destinados a los laboratorios de ciencia y tecnolog\u00eda de todo el pa\u00eds para escalar proyectos de I+D.<\/p>\n<p>El objetivo es reactivar las acciones de equipamiento, modernizaci\u00f3n y trabajos de infraestructura del Fondo para la Investigaci\u00f3n Cient\u00edfica y Tecnol\u00f3gica (FONCyT) de la Agencia I+D+i. Y tambi\u00e9n, otorgar fondos a la producci\u00f3n de los test de detecci\u00f3n de SARS-Cov-2 desarrollados por cient\u00edficos argentinos.<\/p>\n<p>La inversi\u00f3n se da por la adjudicaci\u00f3n de $695 millones para la compra de equipamiento cient\u00edfico-tecnol\u00f3gico en convocatorias del Fondo para la Investigaci\u00f3n Cient\u00edfica y Tecnol\u00f3gica (FONCyT), otorgada por el Ministerio de Ciencia, Tecnolog\u00eda e Innovaci\u00f3n de la Naci\u00f3n a trav\u00e9s de la Agencia Nacional de Promoci\u00f3n de la Investigaci\u00f3n, el Desarrollo Tecnol\u00f3gico y la Innovaci\u00f3n.<\/p>\n<p>A esto se le suman $50 millones que, por decisi\u00f3n de la Jefatura de Gabinete, se reasignaron desde la Agencia Federal de Investigaciones (AFI) hacia la Agencia I+D+i, recursos que permitir\u00e1n la puesta en marcha de un programa especial para el escalamiento y la preparaci\u00f3n para la exportaci\u00f3n de los dispositivos cient\u00edficos dise\u00f1ados como, por ejemplo, los test de diagn\u00f3stico serol\u00f3gico y moleculares del coronavirus, surgidos desde el CONICET y las Universidades Nacionales.<\/p>\n","protected":false},"excerpt":{"rendered":"<p>El monto ser\u00e1 destinado a los laboratorios de ciencia y tecnolog\u00eda de todo el pa\u00eds e incluye $50 millones que la Jefatura de Gabinete reasign\u00f3 desde la Agencia Federal de Investigaciones &nbsp; &nbsp; El jefe de Gabinete, Santiago Cafiero, se reunir\u00e1 este mediod\u00eda con el Ministro de Ciencia, Tecnolog\u00eda e Innovaci\u00f3n, Roberto Salvarezza y el titular de la Agencia Nacional de Promoci\u00f3n Cient\u00edfica y Tecnol\u00f3gica, Fernando Peirano, para analizar una inversi\u00f3n de $745 millones destinados a los laboratorios de ciencia y tecnolog\u00eda de todo el pa\u00eds para escalar proyectos de&#8230;<\/p>\n","protected":false},"author":3,"featured_media":64147,"comment_status":"closed","ping_status":"closed","sticky":false,"template":"","format":"standard","meta":[],"categories":[18],"tags":[],"_links":{"self":[{"href":"https:\/\/www.actualidadadiario.com\/index.php\/wp-json\/wp\/v2\/posts\/64146"}],"collection":[{"href":"https:\/\/www.actualidadadiario.com\/index.php\/wp-json\/wp\/v2\/posts"}],"about":[{"href":"https:\/\/www.actualidadadiario.com\/index.php\/wp-json\/wp\/v2\/types\/post"}],"author":[{"embeddable":true,"href":"https:\/\/www.actualidadadiario.com\/index.php\/wp-json\/wp\/v2\/users\/3"}],"replies":[{"embeddable":true,"href":"https:\/\/www.actualidadadiario.com\/index.php\/wp-json\/wp\/v2\/comments?post=64146"}],"version-history":[{"count":1,"href":"https:\/\/www.actualidadadiario.com\/index.php\/wp-json\/wp\/v2\/posts\/64146\/revisions"}],"predecessor-version":[{"id":64148,"href":"https:\/\/www.actualidadadiario.com\/index.php\/wp-json\/wp\/v2\/posts\/64146\/revisions\/64148"}],"wp:featuredmedia":[{"embeddable":true,"href":"https:\/\/www.actualidadadiario.com\/index.php\/wp-json\/wp\/v2\/media\/64147"}],"wp:attachment":[{"href":"https:\/\/www.actualidadadiario.com\/index.php\/wp-json\/wp\/v2\/media?parent=64146"}],"wp:term":[{"taxonomy":"category","embeddable":true,"href":"https:\/\/www.actualidadadiario.com\/index.php\/wp-json\/wp\/v2\/categories?post=64146"},{"taxonomy":"post_tag","embeddable":true,"href":"https:\/\/www.actualidadadiario.com\/index.php\/wp-json\/wp\/v2\/tags?post=64146"}],"curies":[{"name":"wp","href":"https:\/\/api.w.org\/{rel}","templated":true}]}}