{"id":64138,"date":"2020-07-14T12:41:26","date_gmt":"2020-07-14T15:41:26","guid":{"rendered":"https:\/\/www.actualidadadiario.com\/?p=64138"},"modified":"2020-07-30T16:03:31","modified_gmt":"2020-07-30T19:03:31","slug":"massa-necesitamos-recorrer-un-camino-de-unidad-respeto-y-dialogo","status":"publish","type":"post","link":"https:\/\/www.actualidadadiario.com\/index.php\/2020\/07\/14\/massa-necesitamos-recorrer-un-camino-de-unidad-respeto-y-dialogo\/","title":{"rendered":"Massa: &#8220;Necesitamos recorrer un camino de unidad, respeto y di\u00e1logo&#8221;"},"content":{"rendered":"<p style=\"text-align: center;\"><em><strong>El presidente de la C\u00e1mara de Diputados sostuvo que uno de los puntos fuertes de la reuni\u00f3n que mantuvo junto al presidente Alberto Fern\u00e1ndez y al jefe del bloque del Frente de Todos, M\u00e1ximo Kirchner, con partidos opositores fueron los detalles del proyecto de la ley de moratoria. A su vez, hablaron sobre la aplicaci\u00f3n del Presupuesto y la deuda<\/strong><\/em><\/p>\n<p>&nbsp;<\/p>\n<p>&nbsp;<\/p>\n<p>El titular de la C\u00e1mara de Diputados, Sergio Massa, acudi\u00f3 este lunes a la Quinta de Olivos para secundar al presidente Alberto Fern\u00e1ndez durante las reuniones llevadas a cabo con sectores de la oposici\u00f3n. A la salida, destac\u00f3 como necesaria la unidad pol\u00edtica para avanzar en la recuperaci\u00f3n del pa\u00eds. &#8220;Necesitamos recorrer un camino de unidad, respeto y di\u00e1logo&#8221;, puntualiz\u00f3.<\/p>\n<p>El diputado estuvo presente durante todas las reuniones que Fern\u00e1ndez llev\u00f3 adelante por videoconferencia. Junto a ellos, tambi\u00e9n estuvo el jefe de bloque del Frente de Todos en la c\u00e1mara baja, M\u00e1ximo Kirchner. &#8220;Pensar distinto no nos tiene que convertir en enemigos y poner en lugar antag\u00f3nicos en los que la sociedad ve que perdemos como pa\u00eds&#8221;, dijo al terminar el encuentro.<\/p>\n<p>&#8220;Lo m\u00e1s importante es que el Presidente plante\u00f3 que la relaci\u00f3n de di\u00e1logo tiene que partir de la sinceridad, y la sinceridad tiene que ver con respetar que sobre un mismo tema el otro puede tener una mirada distinto&#8221;, agreg\u00f3.<\/p>\n<p>El objetivo de la convocatoria del Ejecutivo y de la presencia de referentes del oficialismo en el Congreso tiene que ver con delinear la agenda parlamentaria que llevar\u00e1n a cabo en las pr\u00f3ximas semanas. Uno de los temas m\u00e1s importantes tiene que ver con el proyecto de ley de moratoria que buscan aprobar para aliviar la carga a las empresas que acusan el golpe de la pandemia y la cuarentena.<\/p>\n<p>A la salida de Olivos, Massa dialog\u00f3 con el canal A24 y dijo que se puso sobre aviso a la oposici\u00f3n respecto a distintos temas como &#8220;la moratoria y los $860 mil millones de inversi\u00f3n del Estado para sostener salarios y el Ingreso Familiar de Emergencia\u201d. Adem\u00e1s, se\u00f1al\u00f3 que explicaron c\u00f3mo estar\u00e1n compuestos \u201clos $750 mil millones que entran en la moratoria&#8221;.<\/p>\n<p>Por otro lado, dijo que en la reuni\u00f3n se refirieron a \u201cla aplicaci\u00f3n del Presupuesto y el tema deuda\u201d. \u201cQue Argentina tenga su deuda vigente y que la deuda bajo legislaci\u00f3n local tenga el mismo tratamiento que la deuda en Nueva York&#8221;, fue uno de los puntos tratados.<\/p>\n<p>Ante los medios, el diputado se refiri\u00f3 a la grave situaci\u00f3n que gener\u00f3 la pandemia y asegur\u00f3 que &#8220;el pa\u00eds necesita del esfuerzo de todos, del sector p\u00fablico y del sector privado, para volver a ponernos de pie. Tenemos la tarea de reconstruir econ\u00f3micamente a la Argentina&#8221;.<\/p>\n<p>En ese sentido, destac\u00f3 &#8220;la necesidad de fortalecer el IFE, el ATP e instrumentos para econom\u00edas que muy puntualmente est\u00e1n en dificultades&#8221; como tambi\u00e9n poder aprobar la moratoria &#8220;para que monotributistas, pymes y comercios que no pudieron pagarle a la AFIP porque no pudieron abrir por la pandemia tengan de parte del Estado un instrumento para poder avanzar&#8221;.<\/p>\n<p>&#8220;El gran desafi\u00f3 que se ha puesto el Gobierno es cuidar la salud de los argentinos, entendiendo que la \u00fanica forma en la que vamos a salir adelante como pa\u00eds y a recuperar nuestra econom\u00eda es con nuestra poblaci\u00f3n sana&#8221;, concluy\u00f3 Massa.<\/p>\n","protected":false},"excerpt":{"rendered":"<p>El presidente de la C\u00e1mara de Diputados sostuvo que uno de los puntos fuertes de la reuni\u00f3n que mantuvo junto al presidente Alberto Fern\u00e1ndez y al jefe del bloque del Frente de Todos, M\u00e1ximo Kirchner, con partidos opositores fueron los detalles del proyecto de la ley de moratoria. A su vez, hablaron sobre la aplicaci\u00f3n del Presupuesto y la deuda &nbsp; &nbsp; El titular de la C\u00e1mara de Diputados, Sergio Massa, acudi\u00f3 este lunes a la Quinta de Olivos para secundar al presidente Alberto Fern\u00e1ndez durante las reuniones llevadas a&#8230;<\/p>\n","protected":false},"author":3,"featured_media":64139,"comment_status":"closed","ping_status":"closed","sticky":false,"template":"","format":"standard","meta":[],"categories":[18],"tags":[],"_links":{"self":[{"href":"https:\/\/www.actualidadadiario.com\/index.php\/wp-json\/wp\/v2\/posts\/64138"}],"collection":[{"href":"https:\/\/www.actualidadadiario.com\/index.php\/wp-json\/wp\/v2\/posts"}],"about":[{"href":"https:\/\/www.actualidadadiario.com\/index.php\/wp-json\/wp\/v2\/types\/post"}],"author":[{"embeddable":true,"href":"https:\/\/www.actualidadadiario.com\/index.php\/wp-json\/wp\/v2\/users\/3"}],"replies":[{"embeddable":true,"href":"https:\/\/www.actualidadadiario.com\/index.php\/wp-json\/wp\/v2\/comments?post=64138"}],"version-history":[{"count":1,"href":"https:\/\/www.actualidadadiario.com\/index.php\/wp-json\/wp\/v2\/posts\/64138\/revisions"}],"predecessor-version":[{"id":64140,"href":"https:\/\/www.actualidadadiario.com\/index.php\/wp-json\/wp\/v2\/posts\/64138\/revisions\/64140"}],"wp:featuredmedia":[{"embeddable":true,"href":"https:\/\/www.actualidadadiario.com\/index.php\/wp-json\/wp\/v2\/media\/64139"}],"wp:attachment":[{"href":"https:\/\/www.actualidadadiario.com\/index.php\/wp-json\/wp\/v2\/media?parent=64138"}],"wp:term":[{"taxonomy":"category","embeddable":true,"href":"https:\/\/www.actualidadadiario.com\/index.php\/wp-json\/wp\/v2\/categories?post=64138"},{"taxonomy":"post_tag","embeddable":true,"href":"https:\/\/www.actualidadadiario.com\/index.php\/wp-json\/wp\/v2\/tags?post=64138"}],"curies":[{"name":"wp","href":"https:\/\/api.w.org\/{rel}","templated":true}]}}