{"id":64135,"date":"2020-07-14T12:40:42","date_gmt":"2020-07-14T15:40:42","guid":{"rendered":"https:\/\/www.actualidadadiario.com\/?p=64135"},"modified":"2020-07-30T16:03:31","modified_gmt":"2020-07-30T19:03:31","slug":"curiosa-explicacion-del-expresidente-sobre-su-impostergable-viaje-a-paraguay","status":"publish","type":"post","link":"https:\/\/www.actualidadadiario.com\/index.php\/2020\/07\/14\/curiosa-explicacion-del-expresidente-sobre-su-impostergable-viaje-a-paraguay\/","title":{"rendered":"Curiosa explicaci\u00f3n del expresidente sobre su &#8220;impostergable&#8221; viaje a Paraguay"},"content":{"rendered":"<p style=\"text-align: center;\"><em><strong>El l\u00edder de Juntos por el Cambio habl\u00f3 con la televisi\u00f3n guaran\u00ed y se manifest\u00f3 contra la extensi\u00f3n de una cuarentena estricta. Partidario de reabrir actividades, hizo un llamado a &#8220;volver a la calma y empoderar a la gente&#8221;<\/strong><\/em><\/p>\n<p>&nbsp;<\/p>\n<p>&nbsp;<\/p>\n<p>Inveros\u00edmil, pero explicaci\u00f3n al fin. El expresidente Mauricio Macri dio su versi\u00f3n en la televisi\u00f3n paraguaya de por qu\u00e9 viaj\u00f3 al pa\u00eds lim\u00edtrofe. \u201cObedeci\u00f3 a una invitaci\u00f3n de mi amigo el (ex) presidente (Horacio) Cartes para repasar una agenda de c\u00f3mo hay que salir de este momento de preocupaci\u00f3n que ha significado esta pandemia\u201d, resumi\u00f3 el ex mandatario argentino ante la prensa local.<\/p>\n<p>\u201cHablamos de c\u00f3mo salir del miedo, que ha llevado a la urgencia y a tomar decisiones apresuradas que pueden haber sido muy da\u00f1inas\u201d, dijo el l\u00edder de juntos por el Cambio.<\/p>\n<p>En ese marco, el ex je de Estado se manifest\u00f3 contra la extensi\u00f3n de una cuarentena estricta y consider\u00f3 que es hora de empezar a reabrir actividades: \u201cHay que volver a la calma, a confiar en los profesionales de la salud y retomar con cuidado la normal actividad, empoderando a la gente\u201d.<\/p>\n<p>En el tramo final de la entrevista con la TV guaran\u00ed, el referente de Juntos por el Cambio destac\u00f3 a sus dos anfitriones y asegur\u00f3 que comparten objetivos: \u201cSon dos hombres que quieren a Paraguay, dirigentes importantes de esta regi\u00f3n, que tienen muchas ganas de ayudar a que su pa\u00eds salga adelante; son las mismas que tengo yo de ayudar a que nuestra querida Argentina encuentre el rumbo del crecimiento\u201d.<\/p>\n<p>Macri vol\u00f3 en un avi\u00f3n privado y fue habilitado por las autoridades aeron\u00e1uticas de ambos pa\u00edses, en medio de la cuarentena que rige en Argentina. El s\u00e1bado se realiz\u00f3 un hisopado que descart\u00f3 coronavirus y el resultado fue entregado a las autoridades paraguayas para conseguir la habilitaci\u00f3n del vuelo.<\/p>\n<p>Sin embargo, en el pa\u00eds deber\u00e1 cumplir 14 d\u00edas de aislamiento. Sobre todo luego del revuelo que provocaron las im\u00e1genes de su abrazo con Cartes y el di\u00e1logo con la prensa guaran\u00ed, sin barbijo ni distanciamiento y con un micr\u00f3fono que no parec\u00eda tener los elementos de protecci\u00f3n que se recomiendan en este contexto sanitario.<\/p>\n","protected":false},"excerpt":{"rendered":"<p>El l\u00edder de Juntos por el Cambio habl\u00f3 con la televisi\u00f3n guaran\u00ed y se manifest\u00f3 contra la extensi\u00f3n de una cuarentena estricta. Partidario de reabrir actividades, hizo un llamado a &#8220;volver a la calma y empoderar a la gente&#8221; &nbsp; &nbsp; Inveros\u00edmil, pero explicaci\u00f3n al fin. El expresidente Mauricio Macri dio su versi\u00f3n en la televisi\u00f3n paraguaya de por qu\u00e9 viaj\u00f3 al pa\u00eds lim\u00edtrofe. \u201cObedeci\u00f3 a una invitaci\u00f3n de mi amigo el (ex) presidente (Horacio) Cartes para repasar una agenda de c\u00f3mo hay que salir de este momento de preocupaci\u00f3n&#8230;<\/p>\n","protected":false},"author":3,"featured_media":64136,"comment_status":"closed","ping_status":"closed","sticky":false,"template":"","format":"standard","meta":[],"categories":[18],"tags":[],"_links":{"self":[{"href":"https:\/\/www.actualidadadiario.com\/index.php\/wp-json\/wp\/v2\/posts\/64135"}],"collection":[{"href":"https:\/\/www.actualidadadiario.com\/index.php\/wp-json\/wp\/v2\/posts"}],"about":[{"href":"https:\/\/www.actualidadadiario.com\/index.php\/wp-json\/wp\/v2\/types\/post"}],"author":[{"embeddable":true,"href":"https:\/\/www.actualidadadiario.com\/index.php\/wp-json\/wp\/v2\/users\/3"}],"replies":[{"embeddable":true,"href":"https:\/\/www.actualidadadiario.com\/index.php\/wp-json\/wp\/v2\/comments?post=64135"}],"version-history":[{"count":1,"href":"https:\/\/www.actualidadadiario.com\/index.php\/wp-json\/wp\/v2\/posts\/64135\/revisions"}],"predecessor-version":[{"id":64137,"href":"https:\/\/www.actualidadadiario.com\/index.php\/wp-json\/wp\/v2\/posts\/64135\/revisions\/64137"}],"wp:featuredmedia":[{"embeddable":true,"href":"https:\/\/www.actualidadadiario.com\/index.php\/wp-json\/wp\/v2\/media\/64136"}],"wp:attachment":[{"href":"https:\/\/www.actualidadadiario.com\/index.php\/wp-json\/wp\/v2\/media?parent=64135"}],"wp:term":[{"taxonomy":"category","embeddable":true,"href":"https:\/\/www.actualidadadiario.com\/index.php\/wp-json\/wp\/v2\/categories?post=64135"},{"taxonomy":"post_tag","embeddable":true,"href":"https:\/\/www.actualidadadiario.com\/index.php\/wp-json\/wp\/v2\/tags?post=64135"}],"curies":[{"name":"wp","href":"https:\/\/api.w.org\/{rel}","templated":true}]}}