{"id":64132,"date":"2020-07-14T12:39:57","date_gmt":"2020-07-14T15:39:57","guid":{"rendered":"https:\/\/www.actualidadadiario.com\/?p=64132"},"modified":"2020-07-30T16:03:31","modified_gmt":"2020-07-30T19:03:31","slug":"alberto-fernandez-sobre-vicentin-pense-que-iban-a-salir-todos-a-festejar","status":"publish","type":"post","link":"https:\/\/www.actualidadadiario.com\/index.php\/2020\/07\/14\/alberto-fernandez-sobre-vicentin-pense-que-iban-a-salir-todos-a-festejar\/","title":{"rendered":"Alberto Fern\u00e1ndez sobre Vicentin: &#8220;Pens\u00e9 que iban a salir todos a festejar&#8221;"},"content":{"rendered":"<p style=\"text-align: center;\"><em><strong>El Presidente destac\u00f3 que &#8220;est\u00e1bamos recuperando una empresa important\u00edsima en la Argentina&#8221; y reclam\u00f3 &#8220;que alguien diga cu\u00e1l es la alternativa&#8221;. Tambi\u00e9n asegur\u00f3: &#8220;Quienes me conocen saben que no soy un loco suelto, no ando con una chequera de expropiaciones&#8221;<\/strong><\/em><\/p>\n<p>&nbsp;<\/p>\n<p>&nbsp;<\/p>\n<p>El Presidente admiti\u00f3 que se equivoc\u00f3 con Vicentin por creer que &#8220;iban a salir todos a festejar&#8221; tras el anuncio de intervenir la firma, al reconocer que tuvo una &#8220;percepci\u00f3n errada&#8221; sobre una medida que apuntaba a rescatar la empresa. Igualmente afirm\u00f3: \u201cSigo esperando a que alguien diga cu\u00e1l es la alternativa a lo que dijo Alberto Fern\u00e1ndez\u201d.<\/p>\n<p>&#8220;Me equivoqu\u00e9 con el tema Vicentin porque cre\u00ed que estaba mucho m\u00e1s asumida la situaci\u00f3n de crisis, y que cuando anunciara que el Estado iba a ayudar a recuperar a la empresa iban a salir todos a festejar, porque est\u00e1bamos recuperando una empresa important\u00edsima en la Argentina&#8221;, enfatiz\u00f3 Fern\u00e1ndez.<\/p>\n<p>En declaraciones a FM La Patriada, el jefe de Estado admiti\u00f3 que tuvo una &#8220;percepci\u00f3n errada de lo que aparentaba ser una aspiraci\u00f3n de recuperaci\u00f3n de Vicentin&#8221;. &#8220;No tengo ganas de vivir en un pa\u00eds donde cada decisi\u00f3n que se toma se convierte en un Boca-River. Quienes me conocen saben que no soy un loco suelto, no ando con una chequera de expropiaciones&#8221;, manifest\u00f3 el Presidente.<\/p>\n<p>En ese marco, el jefe de Estado se\u00f1al\u00f3: &#8220;Salgo y digo que me preocupa lo que est\u00e1 pasando con la principal exportadora oleaginosa del pa\u00eds y me dicen que soy un chavista que quiere expropiar. Si quisiera expropiar, no expropiar\u00eda una empresa en quiebra sino una cerealera floreciente&#8221;.<\/p>\n<p>Asimismo, dijo seguir &#8220;esperando a que alguien diga cu\u00e1l es la alternativa a lo que dijo Alberto Fern\u00e1ndez, que evidentemente tuvo una percepci\u00f3n errada de lo que aparentaba ser una aspiraci\u00f3n de recuperaci\u00f3n de Vicentin&#8221;.<\/p>\n<p>Adem\u00e1s, indic\u00f3 que lo que quiere es &#8220;salvar una empresa que es referencia en la exportaci\u00f3n de cereales en Argentina y que no la desguacen judicialmente&#8221;, y precis\u00f3: &#8220;Como vi la reacci\u00f3n que hubo, me qued\u00e9 esperando que alguien me traiga una soluci\u00f3n&#8221;.<\/p>\n<p>&#8220;Soy muy respetuoso de la propiedad privada, pero el Banco Naci\u00f3n tambi\u00e9n es propiedad privada y tambi\u00e9n le est\u00e1n debiendo 20 mil millones de pesos. Propiedad privada es todo, no es propiedad privada solo la de Vicentin&#8221;, apunt\u00f3.<\/p>\n","protected":false},"excerpt":{"rendered":"<p>El Presidente destac\u00f3 que &#8220;est\u00e1bamos recuperando una empresa important\u00edsima en la Argentina&#8221; y reclam\u00f3 &#8220;que alguien diga cu\u00e1l es la alternativa&#8221;. Tambi\u00e9n asegur\u00f3: &#8220;Quienes me conocen saben que no soy un loco suelto, no ando con una chequera de expropiaciones&#8221; &nbsp; &nbsp; El Presidente admiti\u00f3 que se equivoc\u00f3 con Vicentin por creer que &#8220;iban a salir todos a festejar&#8221; tras el anuncio de intervenir la firma, al reconocer que tuvo una &#8220;percepci\u00f3n errada&#8221; sobre una medida que apuntaba a rescatar la empresa. Igualmente afirm\u00f3: \u201cSigo esperando a que alguien diga&#8230;<\/p>\n","protected":false},"author":3,"featured_media":64133,"comment_status":"closed","ping_status":"closed","sticky":false,"template":"","format":"standard","meta":[],"categories":[18],"tags":[],"_links":{"self":[{"href":"https:\/\/www.actualidadadiario.com\/index.php\/wp-json\/wp\/v2\/posts\/64132"}],"collection":[{"href":"https:\/\/www.actualidadadiario.com\/index.php\/wp-json\/wp\/v2\/posts"}],"about":[{"href":"https:\/\/www.actualidadadiario.com\/index.php\/wp-json\/wp\/v2\/types\/post"}],"author":[{"embeddable":true,"href":"https:\/\/www.actualidadadiario.com\/index.php\/wp-json\/wp\/v2\/users\/3"}],"replies":[{"embeddable":true,"href":"https:\/\/www.actualidadadiario.com\/index.php\/wp-json\/wp\/v2\/comments?post=64132"}],"version-history":[{"count":1,"href":"https:\/\/www.actualidadadiario.com\/index.php\/wp-json\/wp\/v2\/posts\/64132\/revisions"}],"predecessor-version":[{"id":64134,"href":"https:\/\/www.actualidadadiario.com\/index.php\/wp-json\/wp\/v2\/posts\/64132\/revisions\/64134"}],"wp:featuredmedia":[{"embeddable":true,"href":"https:\/\/www.actualidadadiario.com\/index.php\/wp-json\/wp\/v2\/media\/64133"}],"wp:attachment":[{"href":"https:\/\/www.actualidadadiario.com\/index.php\/wp-json\/wp\/v2\/media?parent=64132"}],"wp:term":[{"taxonomy":"category","embeddable":true,"href":"https:\/\/www.actualidadadiario.com\/index.php\/wp-json\/wp\/v2\/categories?post=64132"},{"taxonomy":"post_tag","embeddable":true,"href":"https:\/\/www.actualidadadiario.com\/index.php\/wp-json\/wp\/v2\/tags?post=64132"}],"curies":[{"name":"wp","href":"https:\/\/api.w.org\/{rel}","templated":true}]}}