{"id":64130,"date":"2020-07-14T12:39:17","date_gmt":"2020-07-14T15:39:17","guid":{"rendered":"https:\/\/www.actualidadadiario.com\/?p=64130"},"modified":"2020-07-30T16:03:31","modified_gmt":"2020-07-30T19:03:31","slug":"renta-universal-el-gobierno-suma-consenso-para-lanzar-plan-social-para-3-millones-de-personas","status":"publish","type":"post","link":"https:\/\/www.actualidadadiario.com\/index.php\/2020\/07\/14\/renta-universal-el-gobierno-suma-consenso-para-lanzar-plan-social-para-3-millones-de-personas\/","title":{"rendered":"Renta universal: el Gobierno suma consenso para lanzar plan social para 3 millones de personas"},"content":{"rendered":"<p style=\"text-align: center;\"><em><strong>El ministro Arroyo confirm\u00f3 que el programa est\u00e1 en elaboraci\u00f3n y les pidi\u00f3 ayuda a empresarios, sindicalistas y dirigentes sociales<\/strong><\/em><\/p>\n<p>&nbsp;<\/p>\n<p>&nbsp;<\/p>\n<p>El Gobierno avanz\u00f3 con la b\u00fasqueda de consensos para implementar un nuevo plan social para al menos 3 millones de personas. La idea de establecer una \u201crenta b\u00e1sica\u201d o un \u201cingreso universal\u201d para la poblaci\u00f3n m\u00e1s vulnerable fue detallada por el ministro de Desarrollo Social, Daniel Arroyo, en un encuentro virtual que mantuvo con dirigentes empresarios, sindicales, sociales y religiosos. El alcance del programa y la cuant\u00eda del beneficio quedar\u00e1n sujetos a los recursos fiscales disponibles en la pospandemia y al resultado de la renegociaci\u00f3n de la deuda externa con los acreedores.<\/p>\n<p>El ministro fue este lunes el orador central de una teleconferencia organizada por la Mesa de Encuentro por el Trabajo y la Vida Digna, un foro impulsado por la Iglesia cat\u00f3lica que tuvo actuaci\u00f3n entre 2018 y 2019 cuando se instal\u00f3 el debate por el hambre en la Argentina y que retom\u00f3 su activismo a partir de la pandemia. Participaron tambi\u00e9n el vicepresidente regional de la Uni\u00f3n Industrial, Guillermo Moretti, los sindicalistas Luis C\u00e1ceres (ladrilleros) y Juan Carlos Schmid (dragado), de CGT, y Hugo Godoy (estatales de ATE), por CTA Aut\u00f3noma, y otros referentes sociales y econ\u00f3micos bajo la coordinaci\u00f3n de Pablo Narvaja y Ana Jaramillo, de la Universidad de Lan\u00fas.<\/p>\n<p>Arroyo detall\u00f3 las acciones implementadas por el Ejecutivo a partir de la inauguraci\u00f3n de la cuarentena, entre ellas el incremento de la ayuda alimentaria de 8 a 11 millones de personas as\u00ed como la creaci\u00f3n del Ingreso Familiar de Emergencia (IFE) y el subsidio salarial ATP, y dio por hecho que a continuaci\u00f3n se har\u00e1 imprescindible aplicar \u201cuna renta universal b\u00e1sica\u201d para los sectores m\u00e1s golpeados por la crisis, aunque incluso esa medida \u201cno alcanzar\u00e1\u201d para revertir la crisis. \u201cHay que actuar sobre tres ejes: el trabajo, los ingresos y el acceso a los servicios b\u00e1sicos\u201d, detall\u00f3 sobre el plan de acci\u00f3n previsto.<\/p>\n<p>Si bien el funcionario hubiese preferido avanzar sobre un plan de salario universal sin contraprestaci\u00f3n (es decir, un programa netamente asistencialista) en su entorno dijeron que la din\u00e1mica de la crisis por el coronavirus lo impuls\u00f3 a reorientar la iniciativa hacia un esquema de pagos a cambio de trabajo, capacitaci\u00f3n o formaci\u00f3n. \u201cNo hay salida sin un consenso fuerte\u201d, inst\u00f3 Arroyo a sus interlocutores. A continuaci\u00f3n aclar\u00f3 que para aplicar el plan har\u00e1 falta \u201cuna reforma impositiva\u201d y dijo que de no hacerlo, a velocidad, \u201cva a quedar mucha gente con la \u00f1ata contra el vidrio\u201d.<\/p>\n","protected":false},"excerpt":{"rendered":"<p>El ministro Arroyo confirm\u00f3 que el programa est\u00e1 en elaboraci\u00f3n y les pidi\u00f3 ayuda a empresarios, sindicalistas y dirigentes sociales &nbsp; &nbsp; El Gobierno avanz\u00f3 con la b\u00fasqueda de consensos para implementar un nuevo plan social para al menos 3 millones de personas. La idea de establecer una \u201crenta b\u00e1sica\u201d o un \u201cingreso universal\u201d para la poblaci\u00f3n m\u00e1s vulnerable fue detallada por el ministro de Desarrollo Social, Daniel Arroyo, en un encuentro virtual que mantuvo con dirigentes empresarios, sindicales, sociales y religiosos. El alcance del programa y la cuant\u00eda del&#8230;<\/p>\n","protected":false},"author":3,"featured_media":60638,"comment_status":"closed","ping_status":"closed","sticky":false,"template":"","format":"standard","meta":[],"categories":[9],"tags":[],"_links":{"self":[{"href":"https:\/\/www.actualidadadiario.com\/index.php\/wp-json\/wp\/v2\/posts\/64130"}],"collection":[{"href":"https:\/\/www.actualidadadiario.com\/index.php\/wp-json\/wp\/v2\/posts"}],"about":[{"href":"https:\/\/www.actualidadadiario.com\/index.php\/wp-json\/wp\/v2\/types\/post"}],"author":[{"embeddable":true,"href":"https:\/\/www.actualidadadiario.com\/index.php\/wp-json\/wp\/v2\/users\/3"}],"replies":[{"embeddable":true,"href":"https:\/\/www.actualidadadiario.com\/index.php\/wp-json\/wp\/v2\/comments?post=64130"}],"version-history":[{"count":1,"href":"https:\/\/www.actualidadadiario.com\/index.php\/wp-json\/wp\/v2\/posts\/64130\/revisions"}],"predecessor-version":[{"id":64131,"href":"https:\/\/www.actualidadadiario.com\/index.php\/wp-json\/wp\/v2\/posts\/64130\/revisions\/64131"}],"wp:featuredmedia":[{"embeddable":true,"href":"https:\/\/www.actualidadadiario.com\/index.php\/wp-json\/wp\/v2\/media\/60638"}],"wp:attachment":[{"href":"https:\/\/www.actualidadadiario.com\/index.php\/wp-json\/wp\/v2\/media?parent=64130"}],"wp:term":[{"taxonomy":"category","embeddable":true,"href":"https:\/\/www.actualidadadiario.com\/index.php\/wp-json\/wp\/v2\/categories?post=64130"},{"taxonomy":"post_tag","embeddable":true,"href":"https:\/\/www.actualidadadiario.com\/index.php\/wp-json\/wp\/v2\/tags?post=64130"}],"curies":[{"name":"wp","href":"https:\/\/api.w.org\/{rel}","templated":true}]}}