{"id":64127,"date":"2020-07-14T12:38:35","date_gmt":"2020-07-14T15:38:35","guid":{"rendered":"https:\/\/www.actualidadadiario.com\/?p=64127"},"modified":"2020-07-30T16:03:31","modified_gmt":"2020-07-30T19:03:31","slug":"no-todo-vale-en-politica-les-dijo-alberto-f-a-diputados-y-senadores-de-juntos-por-el-cambio","status":"publish","type":"post","link":"https:\/\/www.actualidadadiario.com\/index.php\/2020\/07\/14\/no-todo-vale-en-politica-les-dijo-alberto-f-a-diputados-y-senadores-de-juntos-por-el-cambio\/","title":{"rendered":"&#8220;No todo vale en pol\u00edtica&#8221;, les dijo Alberto F a diputados y senadores de Juntos por el Cambio"},"content":{"rendered":"<p style=\"text-align: center;\"><em><strong>El Presidente dialog\u00f3 con el bloque mayoritario. La oposici\u00f3n pidi\u00f3 restablecer la confianza y Fern\u00e1ndez dijo que hab\u00eda l\u00edmites que \u00e9l no pasaba, sobre las acusaciones por el crimen de Fabi\u00e1n Guti\u00e9rrez<\/strong><\/em><\/p>\n<p>&nbsp;<\/p>\n<p>&nbsp;<\/p>\n<p>El presidente Alberto Fern\u00e1ndez acept\u00f3 dialogar con los legisladores de Juntos por el Cambio por separado y sin los otros bloques en un encuentro virtual en el que la oposici\u00f3n pidi\u00f3 reconstruir la confianza. En este sentido, Alberto Fern\u00e1ndez tambi\u00e9n les pidi\u00f3 retomar el di\u00e1logo, aunque les reproch\u00f3 que \u201cno todo vale en pol\u00edtica\u201d y asegur\u00f3 que \u201cno ser\u00eda honesto si no les digo lo mucho que me doli\u00f3 eso\u201d sobre las acusaciones ante el asesinato de Fabi\u00e1n Guti\u00e9rrez.<\/p>\n<p>Sergio Massa, rompi\u00f3 el hielo despu\u00e9s de las idas y vueltas que gener\u00f3 la oposici\u00f3n ante el llamado al di\u00e1logo de Fern\u00e1ndez. Le agradeci\u00f3 al Presidente \u201cel tiempo y el cambio en su agenda\u201d para avanzar con las dos citas virtuales. El Presidente de la C\u00e1mara de diputados y el titular del bloque del Frente de Todos, M\u00e1ximo Kirchner participaron desde Olivos de este encuentro.<\/p>\n<p>Desde el bloque de diputados oficialista conducido por M\u00e1ximo Kirchner dejaron trascender su malestar. \u201cLa actitud de Juntos por el Cambio se debe a la abstinencia de poder de sus dirigentes\u201d, relataron. Este sector opositor hab\u00eda pedido una reuni\u00f3n sin la participaci\u00f3n de otras bancadas.<\/p>\n<p>El Gobierno evalu\u00f3 durante toda la ma\u00f1ana la respuesta a Juntos por el Cambio. El mediador entre el pedido de la oposici\u00f3n y el Presidente fue el presidente de la C\u00e1mara de Diputados. Hab\u00eda que aceptar,por m\u00e1s enojo que esto haya ocasionado, ya que se necesita el apoyo para la sanci\u00f3n de las leyes que el poder Ejecutivo enviar\u00e1 al Congreso.<\/p>\n<p>El primer opositor en tomar la palabra fue Presidente del Interbloque de Juntos por el Cambio y de la UCR en el Senado, Luis Naidenoff, quien pidi\u00f3 mayor di\u00e1logo y \u201cacuerdos de confianza\u201d para \u201creconstruir los lazos entre el Gobierno y la oposici\u00f3n. La crisis requiere sentido com\u00fan\u201d, dijo el senador sobre los cruces que existen en la C\u00e1mara Alta con el bloque oficialista y las discusiones con la vicepresidenta, Cristina Kirchner.<\/p>\n<p>Cristian Ritondo, titular del bloque PRO en diputados fue el segundo en tomar la palabra. Tambi\u00e9n habl\u00f3 de un v\u00ednculo de confianza ante la crisis econ\u00f3mica y la pandemia y pidi\u00f3 que el jefe de Gabinete, Santiago Cafiero, asista al Congreso. Massa asegur\u00f3 que ir\u00e1 el 30 de julio y que hay m\u00e1s de dos mil preguntas que los legisladores hicieron.<\/p>\n<p>Sigui\u00f3 el diputado y presidente del radicalismo, Alfredo Cornejo, quien horas antes hab\u00eda dicho que no quer\u00eda participar junto al bloque del Frente de Izquierda de la reuni\u00f3n. \u201cVenimos barranca abajo\u201d, asegur\u00f3 el legislador y dijo que \u201cse necesita un acuerdo antes y despu\u00e9s de la cuarentena\u201d.<\/p>\n<p>El senador, Mart\u00edn Lousteau, pidi\u00f3 que se eval\u00fae c\u00f3mo \u201cgastamos mejor porque detr\u00e1s de todo esto est\u00e1 el Estado\u201d y apoy\u00f3 la renegociaci\u00f3n que encara el Gobierno por la deuda externa. Tambi\u00e9n dijo coincidir con la vicejefa de Gabinete, Cecilia Todesca Bocco sobre que &#8220;hay que pensar en el ma\u00f1ana inmediatamente&#8221;.<\/p>\n<p>\u201cSomos calentones a veces\u201d, dijo Mario Negri quien cont\u00f3 que hab\u00eda hablado con el Presidente en las horas previas y aclar\u00f3 que se debe ir hacia el consenso. \u201cRespet\u00e9monos. M\u00e1s democracia, m\u00e1s control, como dec\u00eda el General\u201d, fue la frase del diputado que provoc\u00f3 risas y el \u00fanico momento de distensi\u00f3n.<\/p>\n<p>Por parte del oficialismo habl\u00f3 el jefe de bloque de Senadores, Jos\u00e9 Mayans, quien tendi\u00f3 puentes al detallar que \u201ca este pa\u00eds lo arreglamos entre todos o no lo arregla nadie. Es un tiempo muy duro el que viene\u201d, dijo y record\u00f3 la crisis de 2001.<\/p>\n<p>M\u00e1ximo Kirchner hizo hincapi\u00e9 en la gesti\u00f3n de Fern\u00e1ndez durante la pandemia de coronavirus. Habl\u00f3 de la importancia de \u201cvalorar la vida\u201d y de \u201cque los argentinos puedan acceder a la salud y que el sistema no se vea desbordado\u201d. Tambi\u00e9n apunt\u00f3 a la oposici\u00f3n: &#8220;Un buen ejercicio es pensar antes de hablar&#8221; y le agradeci\u00f3 a Fern\u00e1ndez por &#8220;recibir al bloque mayoritario, cosa que no sucedi\u00f3 durante el gobierno anterior&#8221;.<\/p>\n<p>El Presidente no dej\u00f3 pasar el comunicado de Juntos por el Cambio en el que la oposici\u00f3n habl\u00f3 de una &#8220;grave crisis institucional&#8221; por el asesinato del ex secretario de Cristina Kirchner, Fabi\u00e1n Guti\u00e9rrez. Reivindic\u00f3 la voluntad de di\u00e1logo y confianza que Naidenoff y Ritondo pidieron pero aclar\u00f3: \u201cSupimos dialogar y escucharnos. Pero no alcanza eso si hay alguien que muere y al otro d\u00eda me levanto y me atribuyen semejante cosa. La confianza se construye hablando honestamente y no ser\u00eda honesto si no les digo lo mucho que me doli\u00f3 eso. Y como dijo M\u00e1ximo, no todo vale en pol\u00edtica, nos duele\u201d.<\/p>\n<p>Fern\u00e1ndez agreg\u00f3: \u201cYo nunca pas\u00e9 esos l\u00edmites, pero quiero pensar en el futuro y ver para adelante, quiero trabajar en un destino en com\u00fan juntos. Debemos y podemos hacerlo. Como bien dijo Negri, ya tendremos tiempo de debatir y discutir, pero este no es ese tiempo, es tiempo para tener en cuenta el padecimiento de los argentinos\u201d. E insisti\u00f3: \u201cNo tenemos la necesidad de maltratarnos, injuriarnos, difamarnos y denunciarnos, podemos confrontar dignamente, valoro el apoyo a la negociaci\u00f3n de la deuda\u201d y adelant\u00f3 el Fern\u00e1ndez critic\u00f3 tambi\u00e9n el banderazo del 9 de julio y dijo que escuch\u00f3 muchas voces opositoras que \u201chablaron de una conducta que atentaba contra la libertad. La libertad no tiene sentido si no hay vida, ustedes saben que abuso a las libertades no hubo\u201d, sostuvo.<\/p>\n<p>Para cerrar el encuentro virtual, el Presidente dijo: \u201cLos abrazo a la distancia y ahora me voy a ocupar del resto de la oposici\u00f3n\u201d. Ya que Fern\u00e1ndez inici\u00f3 minutos despu\u00e9s otro zoom junto a los legisladores de los otros bloques. Fue Massa quien les pidi\u00f3 disculpas a los otros legisladores por haber tenido que aceptar hablar con Juntos por el Cambio por separado. Y agradeci\u00f3 &#8220;la paciencia y el respeto con el que aceptaron esta situaci\u00f3n a pensar de alg\u00fan enojo&#8221;.<\/p>\n<p>Quien decidi\u00f3 no participar fue la Coalici\u00f3n C\u00edvica. A pesar de que su presidente de bloque, Maximiliano Ferraro hab\u00eda dejado trascender que formar\u00eda parte de la cita virtual, un llamado a su jefa pol\u00edtica, Elisa Carri\u00f3, lo hizo cambiar de planes.<\/p>\n","protected":false},"excerpt":{"rendered":"<p>El Presidente dialog\u00f3 con el bloque mayoritario. La oposici\u00f3n pidi\u00f3 restablecer la confianza y Fern\u00e1ndez dijo que hab\u00eda l\u00edmites que \u00e9l no pasaba, sobre las acusaciones por el crimen de Fabi\u00e1n Guti\u00e9rrez &nbsp; &nbsp; El presidente Alberto Fern\u00e1ndez acept\u00f3 dialogar con los legisladores de Juntos por el Cambio por separado y sin los otros bloques en un encuentro virtual en el que la oposici\u00f3n pidi\u00f3 reconstruir la confianza. En este sentido, Alberto Fern\u00e1ndez tambi\u00e9n les pidi\u00f3 retomar el di\u00e1logo, aunque les reproch\u00f3 que \u201cno todo vale en pol\u00edtica\u201d y asegur\u00f3&#8230;<\/p>\n","protected":false},"author":3,"featured_media":64128,"comment_status":"closed","ping_status":"closed","sticky":false,"template":"","format":"standard","meta":[],"categories":[9],"tags":[],"_links":{"self":[{"href":"https:\/\/www.actualidadadiario.com\/index.php\/wp-json\/wp\/v2\/posts\/64127"}],"collection":[{"href":"https:\/\/www.actualidadadiario.com\/index.php\/wp-json\/wp\/v2\/posts"}],"about":[{"href":"https:\/\/www.actualidadadiario.com\/index.php\/wp-json\/wp\/v2\/types\/post"}],"author":[{"embeddable":true,"href":"https:\/\/www.actualidadadiario.com\/index.php\/wp-json\/wp\/v2\/users\/3"}],"replies":[{"embeddable":true,"href":"https:\/\/www.actualidadadiario.com\/index.php\/wp-json\/wp\/v2\/comments?post=64127"}],"version-history":[{"count":1,"href":"https:\/\/www.actualidadadiario.com\/index.php\/wp-json\/wp\/v2\/posts\/64127\/revisions"}],"predecessor-version":[{"id":64129,"href":"https:\/\/www.actualidadadiario.com\/index.php\/wp-json\/wp\/v2\/posts\/64127\/revisions\/64129"}],"wp:featuredmedia":[{"embeddable":true,"href":"https:\/\/www.actualidadadiario.com\/index.php\/wp-json\/wp\/v2\/media\/64128"}],"wp:attachment":[{"href":"https:\/\/www.actualidadadiario.com\/index.php\/wp-json\/wp\/v2\/media?parent=64127"}],"wp:term":[{"taxonomy":"category","embeddable":true,"href":"https:\/\/www.actualidadadiario.com\/index.php\/wp-json\/wp\/v2\/categories?post=64127"},{"taxonomy":"post_tag","embeddable":true,"href":"https:\/\/www.actualidadadiario.com\/index.php\/wp-json\/wp\/v2\/tags?post=64127"}],"curies":[{"name":"wp","href":"https:\/\/api.w.org\/{rel}","templated":true}]}}