{"id":64119,"date":"2020-07-14T12:35:25","date_gmt":"2020-07-14T15:35:25","guid":{"rendered":"https:\/\/www.actualidadadiario.com\/?p=64119"},"modified":"2020-07-30T16:03:32","modified_gmt":"2020-07-30T19:03:32","slug":"cancelan-por-lo-que-resta-de-2020-envios-a-ue-de-limones-tucumanos","status":"publish","type":"post","link":"https:\/\/www.actualidadadiario.com\/index.php\/2020\/07\/14\/cancelan-por-lo-que-resta-de-2020-envios-a-ue-de-limones-tucumanos\/","title":{"rendered":"Cancelan por lo que resta de 2020 env\u00edos a UE de limones tucumanos"},"content":{"rendered":"<p style=\"text-align: center;\"><em><strong>Por Mancha Negra se suspendieron las exportaciones a uno de los principales mercados. Productores investigar\u00e1n causas<\/strong><\/em><\/p>\n<p>&nbsp;<\/p>\n<p>&nbsp;<\/p>\n<p>La suspensi\u00f3n por quince d\u00edas para la exportaci\u00f3n de limones a la Uni\u00f3n Europea (UE) que decidieron dos semanas atr\u00e1s entre el Gobierno tucumano de Juan Manzur y el Servicio Nacional de Sanidad y Calidad Agroalimentaria (Senasa) por la aparici\u00f3n de un hongo en la fruta, vir\u00f3 ahora a una cancelaci\u00f3n definitiva de los env\u00edos por lo que resta de 2020.<\/p>\n<p>Un comunicado de la Asociaci\u00f3n Citr\u00edcola del Noroeste Argentino (ACNOA) inform\u00f3 que a ra\u00edz de la aparici\u00f3n de la denominada \u201cMancha Negra\u201d que fren\u00f3 embarques de limones tucumanos a la UE, \u201cse consider\u00f3 que no estaban dadas las condiciones de seguridad y previsibilidad para retomar los env\u00edos\u201d. Y aclar\u00f3 que Senasa y las autoridades sanitarias europeas \u201cest\u00e1n en permanente contacto para evaluar las causas de estas intercepciones\u201d, que se dieron principalmente en Espa\u00f1a. La menci\u00f3n a ese pa\u00eds no es menor. Como se se\u00f1alara en este diario el 1 de julio, los productores creen que adem\u00e1s de las razones fitosanitarias hay una presi\u00f3n proteccionista de Espa\u00f1a, cuyos productores se vieron afectados por el anticipo este a\u00f1o de los embarques desde Sudam\u00e9rica. Y se basaban en informes del Observatorio de Precios y Mercado de Andaluc\u00eda.<\/p>\n<p>\u201cLa Mancha Negra es una enfermedad causada por un hongo que se manifiesta por manchas de este color en la piel del fruto. No afecta la inocuidad del mismo para el consumo humano y la UE tiene exigencias respecto a la misma, dado que la consideran una plaga cuarentenaria por estar ausente en su territorio\u201d, dijo ACNOA.<\/p>\n<p>Sin embargo, no es cuarentenaria en otros mercados, incluido el de los Estados Unidos. As\u00ed, las exportaciones que no se realicen a la UE podr\u00e1n canalizarse a otros destinos, aunque con menores precios y mayores costos log\u00edsticos para las empresas. Lo que redundar\u00e1 en menores ingresos de divisas al pa\u00eds.<\/p>\n<p>\u201cSe abre ahora una etapa de investigaci\u00f3n de las causas que nos llevaron a esta situaci\u00f3n; y en este sentido, el sector es plenamente consciente de la necesidad de trabajar con Senasa\u201d, dijo Pablo Padilla, presidente de ACNOA. La investigaci\u00f3n tendr\u00e1 tambi\u00e9n a la presi\u00f3n espa\u00f1ola en la mira.<\/p>\n<p>Este a\u00f1o ya se hab\u00edan enviado unas 100 mil toneladas de limones a la UE, alrededor del 80% de las exportaciones previstas a ese mercado. Lo cual hace que la situaci\u00f3n sea menos dram\u00e1tica en t\u00e9rminos de volumen. Asimismo, la UE representa un 54% de las exportaciones totales de los limones argentinos.<\/p>\n<p>Si bien en Tucum\u00e1n esperan regularizar la situaci\u00f3n para 2021, tambi\u00e9n se entusiasman con la apertura del mercado chino, al cual ya parti\u00f3 este mes un primer embarque.<\/p>\n","protected":false},"excerpt":{"rendered":"<p>Por Mancha Negra se suspendieron las exportaciones a uno de los principales mercados. Productores investigar\u00e1n causas &nbsp; &nbsp; La suspensi\u00f3n por quince d\u00edas para la exportaci\u00f3n de limones a la Uni\u00f3n Europea (UE) que decidieron dos semanas atr\u00e1s entre el Gobierno tucumano de Juan Manzur y el Servicio Nacional de Sanidad y Calidad Agroalimentaria (Senasa) por la aparici\u00f3n de un hongo en la fruta, vir\u00f3 ahora a una cancelaci\u00f3n definitiva de los env\u00edos por lo que resta de 2020. Un comunicado de la Asociaci\u00f3n Citr\u00edcola del Noroeste Argentino (ACNOA) inform\u00f3&#8230;<\/p>\n","protected":false},"author":3,"featured_media":64120,"comment_status":"closed","ping_status":"closed","sticky":false,"template":"","format":"standard","meta":[],"categories":[2],"tags":[],"_links":{"self":[{"href":"https:\/\/www.actualidadadiario.com\/index.php\/wp-json\/wp\/v2\/posts\/64119"}],"collection":[{"href":"https:\/\/www.actualidadadiario.com\/index.php\/wp-json\/wp\/v2\/posts"}],"about":[{"href":"https:\/\/www.actualidadadiario.com\/index.php\/wp-json\/wp\/v2\/types\/post"}],"author":[{"embeddable":true,"href":"https:\/\/www.actualidadadiario.com\/index.php\/wp-json\/wp\/v2\/users\/3"}],"replies":[{"embeddable":true,"href":"https:\/\/www.actualidadadiario.com\/index.php\/wp-json\/wp\/v2\/comments?post=64119"}],"version-history":[{"count":1,"href":"https:\/\/www.actualidadadiario.com\/index.php\/wp-json\/wp\/v2\/posts\/64119\/revisions"}],"predecessor-version":[{"id":64121,"href":"https:\/\/www.actualidadadiario.com\/index.php\/wp-json\/wp\/v2\/posts\/64119\/revisions\/64121"}],"wp:featuredmedia":[{"embeddable":true,"href":"https:\/\/www.actualidadadiario.com\/index.php\/wp-json\/wp\/v2\/media\/64120"}],"wp:attachment":[{"href":"https:\/\/www.actualidadadiario.com\/index.php\/wp-json\/wp\/v2\/media?parent=64119"}],"wp:term":[{"taxonomy":"category","embeddable":true,"href":"https:\/\/www.actualidadadiario.com\/index.php\/wp-json\/wp\/v2\/categories?post=64119"},{"taxonomy":"post_tag","embeddable":true,"href":"https:\/\/www.actualidadadiario.com\/index.php\/wp-json\/wp\/v2\/tags?post=64119"}],"curies":[{"name":"wp","href":"https:\/\/api.w.org\/{rel}","templated":true}]}}