{"id":64115,"date":"2020-07-14T12:33:48","date_gmt":"2020-07-14T15:33:48","guid":{"rendered":"https:\/\/www.actualidadadiario.com\/?p=64115"},"modified":"2020-07-30T16:03:32","modified_gmt":"2020-07-30T19:03:32","slug":"el-consumo-acelero-levemente-su-rebote-y-la-actividad-siguio-repuntando-durante-junio","status":"publish","type":"post","link":"https:\/\/www.actualidadadiario.com\/index.php\/2020\/07\/14\/el-consumo-acelero-levemente-su-rebote-y-la-actividad-siguio-repuntando-durante-junio\/","title":{"rendered":"El consumo aceler\u00f3 levemente su rebote y la actividad sigui\u00f3 repuntando durante junio"},"content":{"rendered":"<p style=\"text-align: center;\"><em><strong>Junio fue otro mes de recuperaci\u00f3n para la actividad econ\u00f3mica. As\u00ed lo muestran los primeros indicadores del mes: aunque sigue hundida en el pozo, la producci\u00f3n contin\u00faa la suba que hab\u00eda arrancado en mayo. Pero, adem\u00e1s, el sexto mes del a\u00f1o vino con una novedad y es que, adem\u00e1s de la oferta, tambi\u00e9n la demanda y el consumo aceleraron su rebote. La mala noticia es que se espera que en julio el repunte se haya visto interrumpido por el endurecimiento de la cuarentena en el AMBA<\/strong><\/em><\/p>\n<p>&nbsp;<\/p>\n<p>Que acelere la din\u00e1mica del consumo es clave. Por ahora ven\u00eda haci\u00e9ndolo a una velocidad mucho m\u00e1s lenta que la de la oferta. De hecho, en mayo el consumo medido por el Indicador Mensual de Consumo (IMC) de la Fundaci\u00f3n Germ\u00e1n Abdala (FGA) hab\u00eda registrado una suba de 2,2% libre de estacionalidad contra el nefasto abril. Aunque sigue (y seguir\u00e1) por debajo del repunte de la oferta, en junio hubo aceleraci\u00f3n: la mejora contra mayo fue de 9,4%, seg\u00fan el IMC.<\/p>\n<p>Por el lado de la oferta, los indicadores tambi\u00e9n dieron se\u00f1ales de continuidad en el repunte. As\u00ed, la producci\u00f3n de autom\u00f3viles, que hab\u00eda pasado de 0 unidades en abril a 4.802 en mayo, se m\u00e1s que triplic\u00f3 y creci\u00f3 226,1% en junio. Las ventas a concesionarios treparon 18,7%. Tambi\u00e9n la construcci\u00f3n mostr\u00f3 que el importante repunte de mayo, de 99,9%, tuvo su continuidad. En ese sentido, los despachos de cemento informados por la Asociaci\u00f3n de Fabricantes de Cemento Portland (Afcp) crecieron 23,2%.<\/p>\n<p>En mayo, la actividad ya hab\u00eda dado claras se\u00f1ales de recuperaci\u00f3n. El dato oficial del Indec se publica el mi\u00e9rcoles 22 de julio. Pero los primeros datos referidos a la oferta mostraron buenas se\u00f1ales, de la mano del relax parcial de la cuarentena. As\u00ed, el \u00cdndice Construya hab\u00eda rebotado 183,6%; los despachos de cemento 60,2%, la siderurgia 81,4% y la industria en general recuperaron 9% respecto a abril.<\/p>\n<p>Pero mientras la oferta sub\u00eda por ascensor, la demanda en general y el consumo en particular lo hac\u00edan por escalera. En junio ambas din\u00e1micas siguen a velocidades diferentes pero el consumo mostr\u00f3 alguna mejora con el 9,4% mensual publicado por ITE-FGA. Los datos de Google al 23 de junio, acerca de la movilidad en las distintas provincias, dan cuenta de que aquellas en las que el tr\u00e1fico de personas volvi\u00f3 a la normalidad en los lugares de trabajo, sigue con una ca\u00edda de al menos 38% (esa fue la baja en Catamarca, la mejor) en los comercios respecto a la precuarentena.<\/p>\n<p>Es decir: el consumo seguir\u00e1 m\u00e1s lento incluso con aislamiento relajado. En eso influye la incertidumbre por el futuro y tambi\u00e9n la din\u00e1mica de ca\u00edda del salario real y de suba del desempleo.<\/p>\n<p>Acerca de junio, el informe del IMC detall\u00f3: &#8220;La serie sin estacionalidad recuper\u00f3 cerca del 45% de la ca\u00edda ocasionada por la pandemia. En lo que va del a\u00f1o, el IMC acumula una baja de 12,2%&#8221;. Aunque adelantaron: &#8220;De cara a los pr\u00f3ximos meses, es esperable que el consumo contin\u00fae mostrando una importante retra\u00edda respecto de 2019. El incremento de casos de Covid-19 y el retorno a fase 1 de cuarentena en AMBA podr\u00eda volver a golpear al consumo&#8221;.<\/p>\n","protected":false},"excerpt":{"rendered":"<p>Junio fue otro mes de recuperaci\u00f3n para la actividad econ\u00f3mica. As\u00ed lo muestran los primeros indicadores del mes: aunque sigue hundida en el pozo, la producci\u00f3n contin\u00faa la suba que hab\u00eda arrancado en mayo. Pero, adem\u00e1s, el sexto mes del a\u00f1o vino con una novedad y es que, adem\u00e1s de la oferta, tambi\u00e9n la demanda y el consumo aceleraron su rebote. La mala noticia es que se espera que en julio el repunte se haya visto interrumpido por el endurecimiento de la cuarentena en el AMBA &nbsp; Que acelere la&#8230;<\/p>\n","protected":false},"author":3,"featured_media":25926,"comment_status":"closed","ping_status":"closed","sticky":false,"template":"","format":"standard","meta":[],"categories":[2],"tags":[],"_links":{"self":[{"href":"https:\/\/www.actualidadadiario.com\/index.php\/wp-json\/wp\/v2\/posts\/64115"}],"collection":[{"href":"https:\/\/www.actualidadadiario.com\/index.php\/wp-json\/wp\/v2\/posts"}],"about":[{"href":"https:\/\/www.actualidadadiario.com\/index.php\/wp-json\/wp\/v2\/types\/post"}],"author":[{"embeddable":true,"href":"https:\/\/www.actualidadadiario.com\/index.php\/wp-json\/wp\/v2\/users\/3"}],"replies":[{"embeddable":true,"href":"https:\/\/www.actualidadadiario.com\/index.php\/wp-json\/wp\/v2\/comments?post=64115"}],"version-history":[{"count":1,"href":"https:\/\/www.actualidadadiario.com\/index.php\/wp-json\/wp\/v2\/posts\/64115\/revisions"}],"predecessor-version":[{"id":64116,"href":"https:\/\/www.actualidadadiario.com\/index.php\/wp-json\/wp\/v2\/posts\/64115\/revisions\/64116"}],"wp:featuredmedia":[{"embeddable":true,"href":"https:\/\/www.actualidadadiario.com\/index.php\/wp-json\/wp\/v2\/media\/25926"}],"wp:attachment":[{"href":"https:\/\/www.actualidadadiario.com\/index.php\/wp-json\/wp\/v2\/media?parent=64115"}],"wp:term":[{"taxonomy":"category","embeddable":true,"href":"https:\/\/www.actualidadadiario.com\/index.php\/wp-json\/wp\/v2\/categories?post=64115"},{"taxonomy":"post_tag","embeddable":true,"href":"https:\/\/www.actualidadadiario.com\/index.php\/wp-json\/wp\/v2\/tags?post=64115"}],"curies":[{"name":"wp","href":"https:\/\/api.w.org\/{rel}","templated":true}]}}