{"id":64109,"date":"2020-07-14T12:32:18","date_gmt":"2020-07-14T15:32:18","guid":{"rendered":"https:\/\/www.actualidadadiario.com\/?p=64109"},"modified":"2020-07-30T16:03:40","modified_gmt":"2020-07-30T19:03:40","slug":"gobernadores-esperan-senal-de-nacion-para-definir-proximos-pasos","status":"publish","type":"post","link":"https:\/\/www.actualidadadiario.com\/index.php\/2020\/07\/14\/gobernadores-esperan-senal-de-nacion-para-definir-proximos-pasos\/","title":{"rendered":"Gobernadores esperan se\u00f1al de Naci\u00f3n para definir pr\u00f3ximos pasos"},"content":{"rendered":"<p style=\"text-align: center;\"><em><strong>Hay distritos, como Mendoza, que extendieron por decreto las restricciones de circulaci\u00f3n, incluso m\u00e1s all\u00e1 del viernes 17 establecido por Alberto F.<\/strong><\/em><\/p>\n<p>&nbsp;<\/p>\n<p>&nbsp;<\/p>\n<p>El Gobierno nacional mantendr\u00e1 esta semana una nueva ronda de consulta con los gobernadores para definir tambi\u00e9n los pasos a seguir en las provincias, luego de la variaci\u00f3n del escenario pand\u00e9mico de las \u00faltimas semanas que forz\u00f3 la vuelta atr\u00e1s en varios distritos y reintrodujo restricciones para disminuir la circulaci\u00f3n ciudadana.<\/p>\n<p>La centralidad que ocupa la situaci\u00f3n en el AMBA y el Conurbano bonaerense vir\u00f3 parcialmente hacia algunas zonas del pa\u00eds, como por ejemplo Jujuy, o Mendoza, donde el gobierno del radical Rodolfo Suarez extendi\u00f3 por decreto el distanciamiento social hasta el lunes 20 -incluso m\u00e1s all\u00e1 de la fecha l\u00edmite establecida por la Casa Rosada- debido a un aumento sustancial de casos positivos.<\/p>\n<p>La preocupaci\u00f3n de los mandatarios por el recrudecimiento de los casos o la aparici\u00f3n de contagios en zonas que parec\u00edan inmunes a la peste oblig\u00f3 al dise\u00f1o de nuevos libretos de acci\u00f3n, ahora de tiro corto y concentrados en la b\u00fasqueda de un delicado equilibrio entre el riesgo sanitario y la normalidad social en la que hab\u00eda ingresado casi todo el pa\u00eds a principios del mes pasado.<\/p>\n<p>Hay, en rigor, definiciones que atraviesan a varias provincias y explican las idas y vueltas. Catamarca, por ejemplo, que perdi\u00f3 el privilegio de haber sido el \u00fanico distrito con cero casos durante casi cuatro meses, debi\u00f3 asumir en las \u00faltimas horas que el registro de 40 contagios, que motiv\u00f3 el regreso a la Fase 1 del aislamiento, se debi\u00f3 \u201ca una falta de prevenci\u00f3n por parte de la gente, la realizaci\u00f3n de reuniones sociales, de actividades deportivas m\u00faltiples y el uso inadecuado del barbijo\u201d.<\/p>\n<p>Una situaci\u00f3n similar se da en C\u00f3rdoba, donde el gobierno de Juan Schiaretti resolvi\u00f3 restringir a los domingos las reuniones familiares, reducir a diez el n\u00famero de rutas para el ingreso vehicular, y cerrar durante la noche el ingreso de autos y camionetas a la provincia debido a los aumentos de los casos positivos. Y suspender, adem\u00e1s, por 21 d\u00edas los permisos especiales para deportes y actividades recreativas entre localidades.<\/p>\n<p>En la misma l\u00ednea de restricciones, aunque con una situaci\u00f3n epidemiol\u00f3gica m\u00e1s delicada, avanz\u00f3 la provincia de Jujuy y decidi\u00f3 testear a la comunidad, para \u201cir a fondo sobre todo en aquellas zonas rojas que tiene la provincia\u201d que desde el 19 de junio pasado regres\u00f3 a la Fase 1 del aislamiento.<\/p>\n<p>De acuerdo a la situaci\u00f3n cl\u00ednica de los casos de coronavirus en Jujuy, se determin\u00f3 que el 67% fueron asintom\u00e1ticos (326 casos) y el 33% restante sintom\u00e1ticos (158 casos).<\/p>\n<p>\u201cNo estamos escondiendo bajo la alfombra la realidad\u201d, afirm\u00f3 el gobernador Gerardo Morales al ratificar la decisi\u00f3n y confirmar el aumento notable de contagios sobre todo en la \u00faltima semana.<\/p>\n<p>En el Chaco, una de las provincias m\u00e1s castigadas por la peste, la disminuci\u00f3n de la curva de contagios de los \u00faltimos d\u00edas llev\u00f3 al gobierno de Jorge Capitanich a encarar pr\u00f3ximamente una etapa de \u201cnueva normalidad\u201d. Si bien los detalles se conocer\u00e1n en los pr\u00f3ximos d\u00edas, se sabe ya que ser\u00e1 en tres fases, cada 45 d\u00edas, y desde el 23 de julio.<\/p>\n<p>En Tierra del Fuego, otra de las zonas del pa\u00eds con buenos resultados en la lucha contra el coronavirus, las autoridades sanitarias de a\u00fan no le encuentran explicaci\u00f3n a los siete casos de coronavirus detectados este fin de semana entre la tripulaci\u00f3n del barco pesquero Etchizen Maru, que estuvo 35 d\u00edas en navegaci\u00f3n y retorn\u00f3 al puerto de la ciudad de Ushuaia, luego de que grupo de sus 60 tripulantes present\u00f3 s\u00edntomas de la enfermedad. Antes de embarcarse, la totalidad de la dotaci\u00f3n del barco fue hisopada con resultado negativo en Buenos Aires.<\/p>\n<p>El Gobierno formose\u00f1o, otro de los estados subnacionales que hab\u00eda mantenido por varios meses el est\u00e1ndar de \u201ccero casos\u201d, apel\u00f3 a la \u201cresponsabilidad\u201d y a la \u201cpaciencia\u201d de las personas que quieren regresar al territorio de la provincia, que en principio suman unas 3.000, al poner en marcha un proceso gradual de reapertura de fronteras del distrito, cerradas desde el 11 de junio. Formosa lleva contabilizados 75 casos positivos.<\/p>\n<p>Distinta es la situaci\u00f3n en La Pampa. All\u00ed, el gobernador Sergio Ziliotto retom\u00f3 ayer las actividades oficiales y encabez\u00f3 una reuni\u00f3n de gabinete tras cumplir con un aislamiento luego de regresar de Buenos Aires. La provincia contin\u00faa sin casos positivos de coronavirus y en la fase 5 de la cuarentena, con f\u00e9rreos controles policiales en los ingresos al distrito<\/p>\n<p>Por \u00faltimo, el Gobierno de Salta decidi\u00f3 restringir al m\u00ednimo, desde ma\u00f1ana la concurrencia de empleados de la administraci\u00f3n p\u00fablica a los edificios estatales y procurar el teletrabajo entre las medidas adoptadas para mitigar la proliferaci\u00f3n de casos de coronavirus en la provincia.<\/p>\n","protected":false},"excerpt":{"rendered":"<p>Hay distritos, como Mendoza, que extendieron por decreto las restricciones de circulaci\u00f3n, incluso m\u00e1s all\u00e1 del viernes 17 establecido por Alberto F. &nbsp; &nbsp; El Gobierno nacional mantendr\u00e1 esta semana una nueva ronda de consulta con los gobernadores para definir tambi\u00e9n los pasos a seguir en las provincias, luego de la variaci\u00f3n del escenario pand\u00e9mico de las \u00faltimas semanas que forz\u00f3 la vuelta atr\u00e1s en varios distritos y reintrodujo restricciones para disminuir la circulaci\u00f3n ciudadana. La centralidad que ocupa la situaci\u00f3n en el AMBA y el Conurbano bonaerense vir\u00f3 parcialmente&#8230;<\/p>\n","protected":false},"author":3,"featured_media":64110,"comment_status":"closed","ping_status":"closed","sticky":false,"template":"","format":"standard","meta":[],"categories":[9],"tags":[],"_links":{"self":[{"href":"https:\/\/www.actualidadadiario.com\/index.php\/wp-json\/wp\/v2\/posts\/64109"}],"collection":[{"href":"https:\/\/www.actualidadadiario.com\/index.php\/wp-json\/wp\/v2\/posts"}],"about":[{"href":"https:\/\/www.actualidadadiario.com\/index.php\/wp-json\/wp\/v2\/types\/post"}],"author":[{"embeddable":true,"href":"https:\/\/www.actualidadadiario.com\/index.php\/wp-json\/wp\/v2\/users\/3"}],"replies":[{"embeddable":true,"href":"https:\/\/www.actualidadadiario.com\/index.php\/wp-json\/wp\/v2\/comments?post=64109"}],"version-history":[{"count":1,"href":"https:\/\/www.actualidadadiario.com\/index.php\/wp-json\/wp\/v2\/posts\/64109\/revisions"}],"predecessor-version":[{"id":64111,"href":"https:\/\/www.actualidadadiario.com\/index.php\/wp-json\/wp\/v2\/posts\/64109\/revisions\/64111"}],"wp:featuredmedia":[{"embeddable":true,"href":"https:\/\/www.actualidadadiario.com\/index.php\/wp-json\/wp\/v2\/media\/64110"}],"wp:attachment":[{"href":"https:\/\/www.actualidadadiario.com\/index.php\/wp-json\/wp\/v2\/media?parent=64109"}],"wp:term":[{"taxonomy":"category","embeddable":true,"href":"https:\/\/www.actualidadadiario.com\/index.php\/wp-json\/wp\/v2\/categories?post=64109"},{"taxonomy":"post_tag","embeddable":true,"href":"https:\/\/www.actualidadadiario.com\/index.php\/wp-json\/wp\/v2\/tags?post=64109"}],"curies":[{"name":"wp","href":"https:\/\/api.w.org\/{rel}","templated":true}]}}