{"id":64102,"date":"2020-07-14T12:30:37","date_gmt":"2020-07-14T15:30:37","guid":{"rendered":"https:\/\/www.actualidadadiario.com\/?p=64102"},"modified":"2020-07-30T16:03:40","modified_gmt":"2020-07-30T19:03:40","slug":"cafesg-provee-de-internet-a-54-escuelas-publicas-de-concordia","status":"publish","type":"post","link":"https:\/\/www.actualidadadiario.com\/index.php\/2020\/07\/14\/cafesg-provee-de-internet-a-54-escuelas-publicas-de-concordia\/","title":{"rendered":"CAFESG provee de internet a 54 escuelas p\u00fablicas de Concordia"},"content":{"rendered":"<p style=\"text-align: center;\"><em><strong>A trav\u00e9s de su Programa de Conectividad Escolar, la Comisi\u00f3n Administradora para el Fondo Especial de Salto Grande, mediante un convenio con la Cooperativa El\u00e9ctrica de Concordia como proveedora del servicio, brinda conexi\u00f3n a Internet a 54 establecimientos educativos de la ciudad<\/strong><\/em><\/p>\n<p>&nbsp;<\/p>\n<p>A trav\u00e9s de una conexi\u00f3n Inal\u00e1mbrica con una velocidad de transferencia de 5 Mb., brindando adem\u00e1s asistencia t\u00e9cnica y capacitaci\u00f3n, CAFESG dota de conexi\u00f3n de banda ancha a 6 establecimientos de Nivel inicial, 29 Primarias y 18 Secundarias.<\/p>\n<p>Este lunes, como viene sucediendo desde el a\u00f1o 2009, CAFESG y la Cooperativa El\u00e9ctrica de Concordia rubricaron nuevamente el Convenio que posibilita la iniciativa, contando adem\u00e1s con la presencia del director de la Departamental de Escuelas de Concordia, Fabi\u00e1n Vallejos.<\/p>\n<p>El mismo, fue refrendado por el presidente de CAFESG, Luis Benedetto y por el vocal del Directorio, Eduardo Asueta; mientras que por la proveedora del servicio lo hicieron el presidente y la secretaria del Consejo de Administraci\u00f3n, Marcelo Spinelli e Hilda Racedo respectivamente.<\/p>\n<p>\u201cDesde CAFESG consideramos que este es el camino que debemos transitar con las nuevas tecnolog\u00edas, y si este programa est\u00e1 vigente desde hace tantos a\u00f1os, nuestro compromiso es potenciarlo\u201d se\u00f1al\u00f3 Benedetto durante el acto de firma del convenio.<\/p>\n<p>En ese marco Benedetto le pidi\u00f3 a Spinelli, que entre las dos instituciones \u201cse busque la manera de profundizarlo y mejorarlo\u201d, adem\u00e1s \u201cseguir trabajando para llegar a aquellos establecimientos donde no est\u00e1 el servicio o donde el mismo a\u00fan es deficiente\u201d.<\/p>\n<p>Por \u00faltimo, el presidente de CAFESG destac\u00f3 que \u201clo m\u00e1s importante de este servicio es que no solo es para el personal directivo, sino para el alumno, que por ah\u00ed en su casa no lo puede tener, ah\u00ed es donde buscamos la equidad en el acceso al servicio\u201d finaliz\u00f3.<\/p>\n<p>A trav\u00e9s de la Conectividad, los alumnos y docentes de estos establecimientos pueden incorporar las nuevas Tecnolog\u00edas de la Informaci\u00f3n y la Comunicaci\u00f3n a las actividades educativas: buscar informaci\u00f3n espec\u00edfica, intercambiar conocimientos con otras instituciones, participar en proyectos colaborativos a trav\u00e9s de internet, utilizar contenidos digitales en sus desarrollos curriculares y participar en cursos de capacitaci\u00f3n a distancia.<\/p>\n<p>Por su parte, el presidente del Consejo de Administraci\u00f3n de la Cooperativa El\u00e9ctrica de Concordia, Marcelo Spinelli expres\u00f3 que \u201ces un orgullo darle continuidad a esta iniciativa que permite conectar la educaci\u00f3n de la ciudad a trav\u00e9s de esta herramienta\u201d.<\/p>\n<p>\u201cEs impensable, desde hace mucho, pero hoy m\u00e1s que nunca, pensar en una sociedad que se desarrolle y satisfaga sus necesidades sin la intervenci\u00f3n de la tecnolog\u00eda\u201d agreg\u00f3 Spinelli.<\/p>\n<p>Por \u00faltimo, Fabi\u00e1n Vallejos, a cargo de la Departamental de Escuelas de Concordia agradeci\u00f3 a ambas instituciones y destac\u00f3 \u201cel empe\u00f1o puesto en la tarea ya que eso nos permiti\u00f3 incorporar nuevas escuelas y seguir transitando el camino de la conectividad en beneficio de los alumnos de la ciudad\u201d.<\/p>\n<p>Estuvieron presentes en el acto tambi\u00e9n el vocal de CAFESG Eduardo Mozetic y el vicepresidente de la Cooperativa El\u00e9ctrica, Mart\u00edn Santana.<\/p>\n","protected":false},"excerpt":{"rendered":"<p>A trav\u00e9s de su Programa de Conectividad Escolar, la Comisi\u00f3n Administradora para el Fondo Especial de Salto Grande, mediante un convenio con la Cooperativa El\u00e9ctrica de Concordia como proveedora del servicio, brinda conexi\u00f3n a Internet a 54 establecimientos educativos de la ciudad &nbsp; A trav\u00e9s de una conexi\u00f3n Inal\u00e1mbrica con una velocidad de transferencia de 5 Mb., brindando adem\u00e1s asistencia t\u00e9cnica y capacitaci\u00f3n, CAFESG dota de conexi\u00f3n de banda ancha a 6 establecimientos de Nivel inicial, 29 Primarias y 18 Secundarias. Este lunes, como viene sucediendo desde el a\u00f1o 2009,&#8230;<\/p>\n","protected":false},"author":3,"featured_media":64103,"comment_status":"closed","ping_status":"closed","sticky":false,"template":"","format":"standard","meta":[],"categories":[15],"tags":[],"_links":{"self":[{"href":"https:\/\/www.actualidadadiario.com\/index.php\/wp-json\/wp\/v2\/posts\/64102"}],"collection":[{"href":"https:\/\/www.actualidadadiario.com\/index.php\/wp-json\/wp\/v2\/posts"}],"about":[{"href":"https:\/\/www.actualidadadiario.com\/index.php\/wp-json\/wp\/v2\/types\/post"}],"author":[{"embeddable":true,"href":"https:\/\/www.actualidadadiario.com\/index.php\/wp-json\/wp\/v2\/users\/3"}],"replies":[{"embeddable":true,"href":"https:\/\/www.actualidadadiario.com\/index.php\/wp-json\/wp\/v2\/comments?post=64102"}],"version-history":[{"count":1,"href":"https:\/\/www.actualidadadiario.com\/index.php\/wp-json\/wp\/v2\/posts\/64102\/revisions"}],"predecessor-version":[{"id":64104,"href":"https:\/\/www.actualidadadiario.com\/index.php\/wp-json\/wp\/v2\/posts\/64102\/revisions\/64104"}],"wp:featuredmedia":[{"embeddable":true,"href":"https:\/\/www.actualidadadiario.com\/index.php\/wp-json\/wp\/v2\/media\/64103"}],"wp:attachment":[{"href":"https:\/\/www.actualidadadiario.com\/index.php\/wp-json\/wp\/v2\/media?parent=64102"}],"wp:term":[{"taxonomy":"category","embeddable":true,"href":"https:\/\/www.actualidadadiario.com\/index.php\/wp-json\/wp\/v2\/categories?post=64102"},{"taxonomy":"post_tag","embeddable":true,"href":"https:\/\/www.actualidadadiario.com\/index.php\/wp-json\/wp\/v2\/tags?post=64102"}],"curies":[{"name":"wp","href":"https:\/\/api.w.org\/{rel}","templated":true}]}}