{"id":64098,"date":"2020-07-14T12:29:33","date_gmt":"2020-07-14T15:29:33","guid":{"rendered":"https:\/\/www.actualidadadiario.com\/?p=64098"},"modified":"2020-07-30T16:03:40","modified_gmt":"2020-07-30T19:03:40","slug":"concordia-aplicaria-multas-economicas-para-los-que-no-usen-barbijos-en-la-via-publica","status":"publish","type":"post","link":"https:\/\/www.actualidadadiario.com\/index.php\/2020\/07\/14\/concordia-aplicaria-multas-economicas-para-los-que-no-usen-barbijos-en-la-via-publica\/","title":{"rendered":"Concordia aplicar\u00eda multas econ\u00f3micas para los que no usen barbijos en la v\u00eda p\u00fablica"},"content":{"rendered":"<p style=\"text-align: center;\"><em><b>Este lunes por la noche se realiz\u00f3 una reuni\u00f3n con el Comit\u00e9 Operativo de Emergencias Sanitarias para evaluar distintas medidas en Concordia. Decisiones tomadas \u201cante el brote de contagios de coronavirus en distintas ciudades del pa\u00eds y de la provincia, y la curva de crecimiento de la pandemia en regiones como el \u00c1rea Metropolitana de Buenos Aires\u201d<\/b><\/em><\/p>\n<p>&nbsp;<\/p>\n<p>&nbsp;<\/p>\n<p>\u201cEntre ellas, se resolvi\u00f3 exigir cuarentena obligatoria e hisopado a todas las personas que ingresen provenientes de ciudades con circulaci\u00f3n comunitaria\u201d, precisaron, por un lado tras la reuni\u00f3n del COES.<\/p>\n<p>&nbsp;<\/p>\n<p><strong>Sanciones<\/strong><\/p>\n<p>Adem\u00e1s, se analiz\u00f3 la situaci\u00f3n sanitaria de la provincia y la regi\u00f3n y se \u201cabord\u00f3 la implementaci\u00f3n de sanciones a quienes no usen barbijo en la v\u00eda p\u00fablica, clausuras y fuertes multas a quienes realicen fiestas privadas o reuniones sociales no permitidas, y reforzar la campa\u00f1a de prevenci\u00f3n sobre las medidas de cuidado que todos debemos cumplir\u201d.<\/p>\n<p>Respecto a las sanciones para los que no usan barbijo en la v\u00eda p\u00fablica, fuentes confiables anticiparon a El Entre R\u00edos que la iniciativa del Ejecutivo Municipal ser\u00e1 remitida al Concejo Deliberante para que se trate sobre tablas en la sesi\u00f3n prevista para este jueves. Se propone aplicar \u201cjuristas\u201d de multa, que equivaldr\u00edan a unos $1000 que, ineludiblemente, deber\u00e1 ser abonado por aquellos que vayan a actualizar su registro de conducir.<\/p>\n<p>&nbsp;<\/p>\n<p><strong>Hisopado y aislamiento<\/strong><\/p>\n<p>A su vez, se hizo especial hincapi\u00e9 en el trabajo realizado en los accesos a Concordia, medida que permiti\u00f3 detectar a tiempo los casos positivos que tuvo la ciudad evitando que se produjeran contagios.<\/p>\n<p>El COES \u201cconsider\u00f3 importante que el Intendente reitere a las autoridades correspondientes que se minimice el movimiento de personas por motivos laborales dentro y fuera de la provincia, extremando las medidas preventivas que correspondan\u201d, detallaron.<\/p>\n<p>\u201cY tom\u00f3 la decisi\u00f3n de exigir a las personas que provienen de ciudades o regiones con circulaci\u00f3n comunitaria, una estricta cuarentena y la realizaci\u00f3n de hisopado a los 7 d\u00edas\u201d, anunciaron finalmente.<\/p>\n","protected":false},"excerpt":{"rendered":"<p>Este lunes por la noche se realiz\u00f3 una reuni\u00f3n con el Comit\u00e9 Operativo de Emergencias Sanitarias para evaluar distintas medidas en Concordia. Decisiones tomadas \u201cante el brote de contagios de coronavirus en distintas ciudades del pa\u00eds y de la provincia, y la curva de crecimiento de la pandemia en regiones como el \u00c1rea Metropolitana de Buenos Aires\u201d &nbsp; &nbsp; \u201cEntre ellas, se resolvi\u00f3 exigir cuarentena obligatoria e hisopado a todas las personas que ingresen provenientes de ciudades con circulaci\u00f3n comunitaria\u201d, precisaron, por un lado tras la reuni\u00f3n del COES. &nbsp;&#8230;<\/p>\n","protected":false},"author":3,"featured_media":64099,"comment_status":"closed","ping_status":"closed","sticky":false,"template":"","format":"standard","meta":[],"categories":[15],"tags":[],"_links":{"self":[{"href":"https:\/\/www.actualidadadiario.com\/index.php\/wp-json\/wp\/v2\/posts\/64098"}],"collection":[{"href":"https:\/\/www.actualidadadiario.com\/index.php\/wp-json\/wp\/v2\/posts"}],"about":[{"href":"https:\/\/www.actualidadadiario.com\/index.php\/wp-json\/wp\/v2\/types\/post"}],"author":[{"embeddable":true,"href":"https:\/\/www.actualidadadiario.com\/index.php\/wp-json\/wp\/v2\/users\/3"}],"replies":[{"embeddable":true,"href":"https:\/\/www.actualidadadiario.com\/index.php\/wp-json\/wp\/v2\/comments?post=64098"}],"version-history":[{"count":2,"href":"https:\/\/www.actualidadadiario.com\/index.php\/wp-json\/wp\/v2\/posts\/64098\/revisions"}],"predecessor-version":[{"id":64101,"href":"https:\/\/www.actualidadadiario.com\/index.php\/wp-json\/wp\/v2\/posts\/64098\/revisions\/64101"}],"wp:featuredmedia":[{"embeddable":true,"href":"https:\/\/www.actualidadadiario.com\/index.php\/wp-json\/wp\/v2\/media\/64099"}],"wp:attachment":[{"href":"https:\/\/www.actualidadadiario.com\/index.php\/wp-json\/wp\/v2\/media?parent=64098"}],"wp:term":[{"taxonomy":"category","embeddable":true,"href":"https:\/\/www.actualidadadiario.com\/index.php\/wp-json\/wp\/v2\/categories?post=64098"},{"taxonomy":"post_tag","embeddable":true,"href":"https:\/\/www.actualidadadiario.com\/index.php\/wp-json\/wp\/v2\/tags?post=64098"}],"curies":[{"name":"wp","href":"https:\/\/api.w.org\/{rel}","templated":true}]}}