{"id":64090,"date":"2020-07-14T12:27:04","date_gmt":"2020-07-14T15:27:04","guid":{"rendered":"https:\/\/www.actualidadadiario.com\/?p=64090"},"modified":"2020-07-30T16:03:40","modified_gmt":"2020-07-30T19:03:40","slug":"vamos-a-poner-en-funcionamiento-la-terapia-intermedia-tan-esperada-dijo-la-directora-del-hospital-santa-rosa","status":"publish","type":"post","link":"https:\/\/www.actualidadadiario.com\/index.php\/2020\/07\/14\/vamos-a-poner-en-funcionamiento-la-terapia-intermedia-tan-esperada-dijo-la-directora-del-hospital-santa-rosa\/","title":{"rendered":"\u00abVamos a poner en funcionamiento la terapia intermedia tan esperada\u00bb, dijo la directora del Hospital Santa Rosa"},"content":{"rendered":"<p style=\"text-align: center;\"><em><strong>La doctora Fernanda Lalosa dio detalles de c\u00f3mo se trabaja para poner en funcionamiento la terapia intermedia en el nosocomio zonal de la ciudad de Chajar\u00ed. \u00abNo quiero dar una fecha, pero deseamos tener lo antes posible todo organizado e iniciarla\u00bb, afirm\u00f3<\/strong><\/em><\/p>\n<p>&nbsp;<\/p>\n<p>En di\u00e1logo con Villa del Rosario Net, la directora del Hospital Santa Rosa, Dra. Fernanda Lalosa, manifest\u00f3 que \u00abtenemos un proyecto en el que comenzamos a trabajar el a\u00f1o pasado y con la reestructuraci\u00f3n hospitalaria de a\u00f1os previos ya ven\u00edamos imaginando que en alg\u00fan espacio f\u00edsico \u00edbamos a tener que organizar la terapia intermedia\u00bb.<\/p>\n<p>En ese sentido, se\u00f1al\u00f3 que \u00abel a\u00f1o pasado comenzamos con todo lo que respecta al equipamiento, no solamente de la terapia, sino tambi\u00e9n del quir\u00f3fano, que en este momento no podemos ocupar por el tema de la pandemia\u00bb. Y afirm\u00f3 que \u00abla problem\u00e1tica de la pandemia y por tratarse de una enfermedad respiratoria, aceler\u00f3 lo que ven\u00edamos proyectando\u00bb.<\/p>\n<p>Luego, la profesional confi\u00f3 que \u00abya tenemos los respiradores y entre hoy y ma\u00f1ana llegan las camas ortop\u00e9dicas, as\u00ed que vamos a tratar de organizarnos con el personal de enfermer\u00eda, al cual tambi\u00e9n hay que capacitar, y con el recurso humano m\u00e9dico, ya que tienen que ser m\u00e9dicos cardi\u00f3logos o terapistas, que por suerte los tenemos\u00bb.<\/p>\n<p>\u00abPor un lado, estamos recibiendo el equipamiento y, por otra parte, vamos a empezar con las capacitaciones, para luego poner en funcionamiento la terapia intermedia tan esperada por mucha gente y por nosotros tambi\u00e9n, porque lo vemos como una necesidad hoy\u00bb, asegur\u00f3 Lalosa y a\u00f1adi\u00f3 que \u00abno quiero dar una fecha, pero deseamos tener lo antes posible todo organizado e iniciarla\u00bb.<\/p>\n<p>Por \u00faltimo, la doctora chajariense, que hace varios a\u00f1os se encuentra al frente del nosocomio, explic\u00f3 que \u00abse llama terapia intermedia porque tiene algunas limitaciones. Por ejemplo, no se atienden las patolog\u00edas neurol\u00f3gicas, sino que este tipo de patolog\u00edas seguir\u00e1n siendo derivadas hacia donde haya neur\u00f3logos y se pueda realizar una cirug\u00eda neurol\u00f3gica. En cambio, un postoperatorio, un infarto y el resto de las patolog\u00edas si las vamos a atender en esta terapia en nuestro hospital; as\u00ed que ser\u00e1n menos los casos que se derivar\u00e1n\u00bb.<\/p>\n","protected":false},"excerpt":{"rendered":"<p>La doctora Fernanda Lalosa dio detalles de c\u00f3mo se trabaja para poner en funcionamiento la terapia intermedia en el nosocomio zonal de la ciudad de Chajar\u00ed. \u00abNo quiero dar una fecha, pero deseamos tener lo antes posible todo organizado e iniciarla\u00bb, afirm\u00f3 &nbsp; En di\u00e1logo con Villa del Rosario Net, la directora del Hospital Santa Rosa, Dra. Fernanda Lalosa, manifest\u00f3 que \u00abtenemos un proyecto en el que comenzamos a trabajar el a\u00f1o pasado y con la reestructuraci\u00f3n hospitalaria de a\u00f1os previos ya ven\u00edamos imaginando que en alg\u00fan espacio f\u00edsico \u00edbamos&#8230;<\/p>\n","protected":false},"author":3,"featured_media":64091,"comment_status":"closed","ping_status":"closed","sticky":false,"template":"","format":"standard","meta":[],"categories":[9,15],"tags":[],"_links":{"self":[{"href":"https:\/\/www.actualidadadiario.com\/index.php\/wp-json\/wp\/v2\/posts\/64090"}],"collection":[{"href":"https:\/\/www.actualidadadiario.com\/index.php\/wp-json\/wp\/v2\/posts"}],"about":[{"href":"https:\/\/www.actualidadadiario.com\/index.php\/wp-json\/wp\/v2\/types\/post"}],"author":[{"embeddable":true,"href":"https:\/\/www.actualidadadiario.com\/index.php\/wp-json\/wp\/v2\/users\/3"}],"replies":[{"embeddable":true,"href":"https:\/\/www.actualidadadiario.com\/index.php\/wp-json\/wp\/v2\/comments?post=64090"}],"version-history":[{"count":1,"href":"https:\/\/www.actualidadadiario.com\/index.php\/wp-json\/wp\/v2\/posts\/64090\/revisions"}],"predecessor-version":[{"id":64092,"href":"https:\/\/www.actualidadadiario.com\/index.php\/wp-json\/wp\/v2\/posts\/64090\/revisions\/64092"}],"wp:featuredmedia":[{"embeddable":true,"href":"https:\/\/www.actualidadadiario.com\/index.php\/wp-json\/wp\/v2\/media\/64091"}],"wp:attachment":[{"href":"https:\/\/www.actualidadadiario.com\/index.php\/wp-json\/wp\/v2\/media?parent=64090"}],"wp:term":[{"taxonomy":"category","embeddable":true,"href":"https:\/\/www.actualidadadiario.com\/index.php\/wp-json\/wp\/v2\/categories?post=64090"},{"taxonomy":"post_tag","embeddable":true,"href":"https:\/\/www.actualidadadiario.com\/index.php\/wp-json\/wp\/v2\/tags?post=64090"}],"curies":[{"name":"wp","href":"https:\/\/api.w.org\/{rel}","templated":true}]}}