{"id":64075,"date":"2020-07-13T13:36:00","date_gmt":"2020-07-13T16:36:00","guid":{"rendered":"https:\/\/www.actualidadadiario.com\/?p=64075"},"modified":"2020-07-30T16:03:40","modified_gmt":"2020-07-30T19:03:40","slug":"el-papa-critico-la-reconversion-de-santa-sofia-en-mezquita","status":"publish","type":"post","link":"https:\/\/www.actualidadadiario.com\/index.php\/2020\/07\/13\/el-papa-critico-la-reconversion-de-santa-sofia-en-mezquita\/","title":{"rendered":"El Papa critic\u00f3 la reconversi\u00f3n de Santa Sof\u00eda en mezquita"},"content":{"rendered":"<p style=\"text-align: center;\"><em><strong>El Santo Padre no mencion\u00f3 ni al presidente turco, ni al hecho de que el museo se transformara en templo musulm\u00e1n. Evit\u00f3 as\u00ed ser acusado de interferir en asuntos internos de otro pa\u00eds<\/strong><\/em><\/p>\n<p>&nbsp;<\/p>\n<p>El Papa Francisco critic\u00f3 este domingo la decisi\u00f3n del presidente de Turqu\u00eda, Recep Tayyip Erdogan, de reconvertir la ex bas\u00edlica Santa Sof\u00eda de Estambul en una mezquita, despu\u00e9s de que un tribunal anulara su estatus de museo.<\/p>\n<p>&#8220;Y el mar me lleva un poco lejos con el pensamiento: a Estambul. Pienso en Santa Sof\u00eda y estoy muy dolido&#8221;, sostuvo el Sumo Pont\u00edfice, tras el rezo del \u00c1ngelus, en el segundo domingo de julio, el llamado Domingo del mar, una jornada para rezar por los marinos, sus familias y las personas que los asisten.<\/p>\n<p>El Papa no mencion\u00f3 ni a Erdogan, ni al hecho de que esta obra mayor del siglo VI construida por los bizantinos, considerada patrimonio mundial de la Unesco, se transformara en mezquita. Por lo tanto, evit\u00f3 as\u00ed ser acusado de interferir en asuntos internos de otro pa\u00eds.<\/p>\n<p>Esta expresi\u00f3n de Francisco se suma al de otros l\u00edderes de Iglesias cristianas, como el patriarca ecum\u00e9nico de Constantinopla, Bartolom\u00e9 I, y el Metropolita Hilari\u00f3n del Patriarcado Ecum\u00e9nica de Mosc\u00fa, quienes se opon\u00edan de manera contundente a la transformaci\u00f3n de la emblem\u00e1tica Santa Sof\u00eda en una mezquita.<\/p>\n<p>Asimismo, hab\u00edan reclamado que mantuviera su estatus de museo, que se remonta a 1934, por una decisi\u00f3n de Mustaf\u00e1 Kemal Ataturk, l\u00edder de la entonces joven rep\u00fablica laica turca.<\/p>\n<p>Cuatro papas visitaron Santa Sof\u00eda: San Pablo VI, San Juan Pablo II, Benedicto XVI, papa em\u00e9rito, y Francisco, en su viaje a Turqu\u00eda de noviembre de 2014.<\/p>\n<p>&#8220;La belleza y armon\u00eda de este lugar sagrado hacen que el alma se eleve al Omnipotente, fuente y origen de toda belleza&#8221;, sostuvo el Sumo Pont\u00edfice en aquella oportunidad.<\/p>\n<p>Por su parte, Morgan Ortagus, vocera del Departamento de Estado de los Estados Unidos, remarc\u00f3 que est\u00e1n &#8220;decepcionados por la decisi\u00f3n del gobierno de Turqu\u00eda de cambiar el estatuto de Santa Sof\u00eda&#8221;.<\/p>\n<p>&#8220;Entendemos que el gobierno turco sigue comprometido en mantener el acceso a Santa Sof\u00eda a todos los visitantes y deseamos o\u00edr sus planes para continuar la administraci\u00f3n de Santa Sof\u00eda con el fin de garantizar que sigue accesibles para todos sin trabas&#8221;, a\u00f1adi\u00f3.<\/p>\n","protected":false},"excerpt":{"rendered":"<p>El Santo Padre no mencion\u00f3 ni al presidente turco, ni al hecho de que el museo se transformara en templo musulm\u00e1n. Evit\u00f3 as\u00ed ser acusado de interferir en asuntos internos de otro pa\u00eds &nbsp; El Papa Francisco critic\u00f3 este domingo la decisi\u00f3n del presidente de Turqu\u00eda, Recep Tayyip Erdogan, de reconvertir la ex bas\u00edlica Santa Sof\u00eda de Estambul en una mezquita, despu\u00e9s de que un tribunal anulara su estatus de museo. &#8220;Y el mar me lleva un poco lejos con el pensamiento: a Estambul. Pienso en Santa Sof\u00eda y estoy&#8230;<\/p>\n","protected":false},"author":3,"featured_media":64076,"comment_status":"closed","ping_status":"closed","sticky":false,"template":"","format":"standard","meta":[],"categories":[4],"tags":[],"_links":{"self":[{"href":"https:\/\/www.actualidadadiario.com\/index.php\/wp-json\/wp\/v2\/posts\/64075"}],"collection":[{"href":"https:\/\/www.actualidadadiario.com\/index.php\/wp-json\/wp\/v2\/posts"}],"about":[{"href":"https:\/\/www.actualidadadiario.com\/index.php\/wp-json\/wp\/v2\/types\/post"}],"author":[{"embeddable":true,"href":"https:\/\/www.actualidadadiario.com\/index.php\/wp-json\/wp\/v2\/users\/3"}],"replies":[{"embeddable":true,"href":"https:\/\/www.actualidadadiario.com\/index.php\/wp-json\/wp\/v2\/comments?post=64075"}],"version-history":[{"count":1,"href":"https:\/\/www.actualidadadiario.com\/index.php\/wp-json\/wp\/v2\/posts\/64075\/revisions"}],"predecessor-version":[{"id":64077,"href":"https:\/\/www.actualidadadiario.com\/index.php\/wp-json\/wp\/v2\/posts\/64075\/revisions\/64077"}],"wp:featuredmedia":[{"embeddable":true,"href":"https:\/\/www.actualidadadiario.com\/index.php\/wp-json\/wp\/v2\/media\/64076"}],"wp:attachment":[{"href":"https:\/\/www.actualidadadiario.com\/index.php\/wp-json\/wp\/v2\/media?parent=64075"}],"wp:term":[{"taxonomy":"category","embeddable":true,"href":"https:\/\/www.actualidadadiario.com\/index.php\/wp-json\/wp\/v2\/categories?post=64075"},{"taxonomy":"post_tag","embeddable":true,"href":"https:\/\/www.actualidadadiario.com\/index.php\/wp-json\/wp\/v2\/tags?post=64075"}],"curies":[{"name":"wp","href":"https:\/\/api.w.org\/{rel}","templated":true}]}}