{"id":64068,"date":"2020-07-13T13:34:09","date_gmt":"2020-07-13T16:34:09","guid":{"rendered":"https:\/\/www.actualidadadiario.com\/?p=64068"},"modified":"2020-07-30T16:03:41","modified_gmt":"2020-07-30T19:03:41","slug":"pinedo-aseguro-que-durante-el-gobierno-de-macri-se-hicieron-cosas-mal","status":"publish","type":"post","link":"https:\/\/www.actualidadadiario.com\/index.php\/2020\/07\/13\/pinedo-aseguro-que-durante-el-gobierno-de-macri-se-hicieron-cosas-mal\/","title":{"rendered":"Pinedo asegur\u00f3 que durante el Gobierno de Macri se hicieron cosas mal"},"content":{"rendered":"<p style=\"text-align: center;\"><em><strong>El ex presidente provisional del Senado, Federico Pinedo, asegur\u00f3 esta ma\u00f1ana que al gobierno de Mauricio Macri le falt\u00f3 &#8220;un plan de estabilizaci\u00f3n econ\u00f3mica que elimine la inflaci\u00f3n&#8221; y reconoci\u00f3 que &#8220;se hicieron cosas mal que afectaron a todos los argentinos<\/strong><\/em>&#8220;<\/p>\n<p>&nbsp;<\/p>\n<p>&#8220;La autocr\u00edtica de Macri es necesaria porque se hicieron cosas mal que afectaron a todos los argentinos&#8221;, consider\u00f3 Pinedo en declaraciones a Radio Rivadavia.<\/p>\n<p>Asimismo, se\u00f1al\u00f3: &#8220;Tuvimos varios Ministros de Econom\u00eda. Puede ser que nos haya faltado el indicado&#8221;. &#8220;Lo que nos falt\u00f3 es un plan de estabilizaci\u00f3n econ\u00f3mica que elimine la inflaci\u00f3n y de previsibilidad a Argentina&#8221;, remarc\u00f3 Pinedo.<\/p>\n","protected":false},"excerpt":{"rendered":"<p>El ex presidente provisional del Senado, Federico Pinedo, asegur\u00f3 esta ma\u00f1ana que al gobierno de Mauricio Macri le falt\u00f3 &#8220;un plan de estabilizaci\u00f3n econ\u00f3mica que elimine la inflaci\u00f3n&#8221; y reconoci\u00f3 que &#8220;se hicieron cosas mal que afectaron a todos los argentinos&#8220; &nbsp; &#8220;La autocr\u00edtica de Macri es necesaria porque se hicieron cosas mal que afectaron a todos los argentinos&#8221;, consider\u00f3 Pinedo en declaraciones a Radio Rivadavia. Asimismo, se\u00f1al\u00f3: &#8220;Tuvimos varios Ministros de Econom\u00eda. Puede ser que nos haya faltado el indicado&#8221;. &#8220;Lo que nos falt\u00f3 es un plan de estabilizaci\u00f3n&#8230;<\/p>\n","protected":false},"author":3,"featured_media":64069,"comment_status":"closed","ping_status":"closed","sticky":false,"template":"","format":"standard","meta":[],"categories":[18],"tags":[],"_links":{"self":[{"href":"https:\/\/www.actualidadadiario.com\/index.php\/wp-json\/wp\/v2\/posts\/64068"}],"collection":[{"href":"https:\/\/www.actualidadadiario.com\/index.php\/wp-json\/wp\/v2\/posts"}],"about":[{"href":"https:\/\/www.actualidadadiario.com\/index.php\/wp-json\/wp\/v2\/types\/post"}],"author":[{"embeddable":true,"href":"https:\/\/www.actualidadadiario.com\/index.php\/wp-json\/wp\/v2\/users\/3"}],"replies":[{"embeddable":true,"href":"https:\/\/www.actualidadadiario.com\/index.php\/wp-json\/wp\/v2\/comments?post=64068"}],"version-history":[{"count":2,"href":"https:\/\/www.actualidadadiario.com\/index.php\/wp-json\/wp\/v2\/posts\/64068\/revisions"}],"predecessor-version":[{"id":64071,"href":"https:\/\/www.actualidadadiario.com\/index.php\/wp-json\/wp\/v2\/posts\/64068\/revisions\/64071"}],"wp:featuredmedia":[{"embeddable":true,"href":"https:\/\/www.actualidadadiario.com\/index.php\/wp-json\/wp\/v2\/media\/64069"}],"wp:attachment":[{"href":"https:\/\/www.actualidadadiario.com\/index.php\/wp-json\/wp\/v2\/media?parent=64068"}],"wp:term":[{"taxonomy":"category","embeddable":true,"href":"https:\/\/www.actualidadadiario.com\/index.php\/wp-json\/wp\/v2\/categories?post=64068"},{"taxonomy":"post_tag","embeddable":true,"href":"https:\/\/www.actualidadadiario.com\/index.php\/wp-json\/wp\/v2\/tags?post=64068"}],"curies":[{"name":"wp","href":"https:\/\/api.w.org\/{rel}","templated":true}]}}