{"id":64065,"date":"2020-07-13T13:33:29","date_gmt":"2020-07-13T16:33:29","guid":{"rendered":"https:\/\/www.actualidadadiario.com\/?p=64065"},"modified":"2020-07-30T16:03:41","modified_gmt":"2020-07-30T19:03:41","slug":"ramon-confirmo-su-asistencia-a-la-reunion-con-el-presidente-y-critico-a-juntos-por-el-cambio","status":"publish","type":"post","link":"https:\/\/www.actualidadadiario.com\/index.php\/2020\/07\/13\/ramon-confirmo-su-asistencia-a-la-reunion-con-el-presidente-y-critico-a-juntos-por-el-cambio\/","title":{"rendered":"Ram\u00f3n confirm\u00f3 su asistencia a la reuni\u00f3n con el presidente y critic\u00f3 a Juntos por el Cambio"},"content":{"rendered":"<p style=\"text-align: center;\"><em><strong>El funcionario asegur\u00f3 que estar\u00e1 presente en la reuni\u00f3n convocada para hoy por el mandatario Alberto Fern\u00e1ndez<\/strong><\/em><\/p>\n<p>&nbsp;<\/p>\n<p>&nbsp;<\/p>\n<p>El presidente del Interbloque Unidad Federal para el Desarrollo, Jos\u00e9 Luis Ram\u00f3n, confirm\u00f3 su asistencia a la reuni\u00f3n con Alberto Fern\u00e1ndez convocada para esta tarde y asegur\u00f3 que &#8220;a una parte de Juntos por el Cambio que parece no importarle que hay gente que no est\u00e1 pudiendo hacer frente a las necesidades de su familia por esta crisis&#8221;.<\/p>\n<p>&#8220;Hay una parte de Juntos por el Cambio que parece no importarle que hay gente que no est\u00e1 pudiendo hacer frente a las necesidades de su familia por esta crisis&#8221;, expres\u00f3 Ram\u00f3n en declaraciones radiales.<\/p>\n<p>&#8220;Nosotros confirmamos ayer que obviamente nos vamos a presentar en la reuni\u00f3n con el presidente por teleconferencia&#8221;, agreg\u00f3.<\/p>\n<p>El legislador mendocino remarc\u00f3: &#8220;Se necesita de determinadas leyes que se sancionan en el Congreso&#8221;: &#8220;Hay un grupo de diputados con una interna muy fuerte. Negri y Ritondo supuestamente quieren dialogar y hay otros que se hacen los duros&#8221;.<\/p>\n","protected":false},"excerpt":{"rendered":"<p>El funcionario asegur\u00f3 que estar\u00e1 presente en la reuni\u00f3n convocada para hoy por el mandatario Alberto Fern\u00e1ndez &nbsp; &nbsp; El presidente del Interbloque Unidad Federal para el Desarrollo, Jos\u00e9 Luis Ram\u00f3n, confirm\u00f3 su asistencia a la reuni\u00f3n con Alberto Fern\u00e1ndez convocada para esta tarde y asegur\u00f3 que &#8220;a una parte de Juntos por el Cambio que parece no importarle que hay gente que no est\u00e1 pudiendo hacer frente a las necesidades de su familia por esta crisis&#8221;. &#8220;Hay una parte de Juntos por el Cambio que parece no importarle que&#8230;<\/p>\n","protected":false},"author":3,"featured_media":64066,"comment_status":"closed","ping_status":"closed","sticky":false,"template":"","format":"standard","meta":[],"categories":[18],"tags":[],"_links":{"self":[{"href":"https:\/\/www.actualidadadiario.com\/index.php\/wp-json\/wp\/v2\/posts\/64065"}],"collection":[{"href":"https:\/\/www.actualidadadiario.com\/index.php\/wp-json\/wp\/v2\/posts"}],"about":[{"href":"https:\/\/www.actualidadadiario.com\/index.php\/wp-json\/wp\/v2\/types\/post"}],"author":[{"embeddable":true,"href":"https:\/\/www.actualidadadiario.com\/index.php\/wp-json\/wp\/v2\/users\/3"}],"replies":[{"embeddable":true,"href":"https:\/\/www.actualidadadiario.com\/index.php\/wp-json\/wp\/v2\/comments?post=64065"}],"version-history":[{"count":1,"href":"https:\/\/www.actualidadadiario.com\/index.php\/wp-json\/wp\/v2\/posts\/64065\/revisions"}],"predecessor-version":[{"id":64067,"href":"https:\/\/www.actualidadadiario.com\/index.php\/wp-json\/wp\/v2\/posts\/64065\/revisions\/64067"}],"wp:featuredmedia":[{"embeddable":true,"href":"https:\/\/www.actualidadadiario.com\/index.php\/wp-json\/wp\/v2\/media\/64066"}],"wp:attachment":[{"href":"https:\/\/www.actualidadadiario.com\/index.php\/wp-json\/wp\/v2\/media?parent=64065"}],"wp:term":[{"taxonomy":"category","embeddable":true,"href":"https:\/\/www.actualidadadiario.com\/index.php\/wp-json\/wp\/v2\/categories?post=64065"},{"taxonomy":"post_tag","embeddable":true,"href":"https:\/\/www.actualidadadiario.com\/index.php\/wp-json\/wp\/v2\/tags?post=64065"}],"curies":[{"name":"wp","href":"https:\/\/api.w.org\/{rel}","templated":true}]}}