{"id":64060,"date":"2020-07-13T13:31:45","date_gmt":"2020-07-13T16:31:45","guid":{"rendered":"https:\/\/www.actualidadadiario.com\/?p=64060"},"modified":"2020-07-30T16:03:41","modified_gmt":"2020-07-30T19:03:41","slug":"los-diputados-macristas-rechazaron-una-reunion-con-el-presidente","status":"publish","type":"post","link":"https:\/\/www.actualidadadiario.com\/index.php\/2020\/07\/13\/los-diputados-macristas-rechazaron-una-reunion-con-el-presidente\/","title":{"rendered":"Los diputados macristas rechazaron una reuni\u00f3n con el Presidente"},"content":{"rendered":"<p style=\"text-align: center;\"><em><strong>La principal exigencia ser\u00e1 que no asistan los bloques opositores con menos de 25 diputados. As\u00ed buscan que el gobierno nacional reconozca el &#8220;peso legislativo&#8221; de Juntos por el Cambio<\/strong><\/em><\/p>\n<p>&nbsp;<\/p>\n<p>&nbsp;<\/p>\n<p>Juntos por el Cambio anunci\u00f3 este domingo que no participar\u00e1 de la reuni\u00f3n convocada por Alberto Fern\u00e1ndez para este lunes con los l\u00edderes de los bloques opositores de la C\u00e1mara de Diputados.<\/p>\n<p>La principal exigencia ser\u00e1 que no asistan los bloques opositores con menos de 25 diputados. As\u00ed buscan que el gobierno nacional reconozca el &#8220;peso legislativo&#8221; de Juntos por el Cambio.<\/p>\n<p>Tras la seguidilla de d\u00edas marcados por la tensi\u00f3n entre oficialismo y oposici\u00f3n, el presidente de la C\u00e1mara de Diputados, Sergio Massa, los hab\u00eda convocado para este lunes, a las 17, a los presidentes de los bloques para llevar a cabo un encuentro virtual con el presidente Alberto Fern\u00e1ndez.<\/p>\n<p>El objetivo del encuentro era tratar cinco temas puntuales, adem\u00e1s de bajar el nivel de confrontaci\u00f3n y descomprimir el clima espeso que se gener\u00f3 en el v\u00ednculo pol\u00edtico con los diferentes sectores del arco opositor.<\/p>\n<p>Concretamente, los cinco temas que buscaba tratar el oficialismo eran: 1. Evaluaci\u00f3n cuarentena y situaci\u00f3n sanitaria; 2. Ampliaci\u00f3n presupuestaria para sostener las pol\u00edticas de ingreso; 3. Moratoria para todos los sectores afectados; 4. Deuda soberana bajo legislaci\u00f3n local. Mismo tratamiento que la Ley New York; 5. Di\u00e1logo para el acuerdo de reconstrucci\u00f3n post pandemia.<\/p>\n<p>\u201cNosotros pedimos una reuni\u00f3n con el Presidente con agenda parlamentaria, institucionales y pospandemia. Pedimos que sea Juntos por el Cambio y el oficialismo, con el Presidente. La reuni\u00f3n de ma\u00f1ana fue convocada por Massa en un chat hace dos horas y entonces resolvimos pedir una reuni\u00f3n de Juntos por el Cambio y el Presidente, otro d\u00eda, para hablar seriamente de la pospandemia\u201d, dijo el radical Alfredo Cornejo.<\/p>\n<p>En el comunicado que difundieron en la noche del domingo, plantearon: \u201cLos legisladores de Juntos por el Cambio queremos, en primer lugar, manifestar nuestra total disposici\u00f3n al di\u00e1logo y a reunirnos con el Sr. presidente para abordar la agenda establecida. Sin embargo, estamos convencidos de que, tanto el tenor de los temas comprendidos como la naturaleza de nuestra fuerza, ameritan una reuni\u00f3n de nuestros representantes de ambas c\u00e1maras del Honorable Congreso de la Naci\u00f3n con el Poder Ejecutivo Nacional la cual debiera ser acordada con mayor antelaci\u00f3n\u201d.<\/p>\n<p>Y contin\u00faa: \u201cSomos el \u00fanico espacio pol\u00edtico que cuenta tanto con diputados y senadores, totalizando 145 legisladores de Juntos por el Cambio y sus aliados, por lo que una interacci\u00f3n seria y asidua nos parece imprescindible para abordar la agenda parlamentaria que nos exige la ciudadan\u00eda. Y los debates con tiempo y rigurosos son a\u00fan m\u00e1s relevantes en el caso de los acuerdos que ser\u00e1n necesarios de cara a la reconstrucci\u00f3n post-pandemia, algo que nos ocupa como coalici\u00f3n pol\u00edtica y que preocupa a los m\u00e1s de 45 millones de argentino<\/p>\n<p>La posici\u00f3n inicial de Cristian Ritondo, l\u00edder del bloque PRO, era asistir a la reuni\u00f3n, pero tras debatir el tema con sus aliados se impuso la postura contraria.<\/p>\n","protected":false},"excerpt":{"rendered":"<p>La principal exigencia ser\u00e1 que no asistan los bloques opositores con menos de 25 diputados. As\u00ed buscan que el gobierno nacional reconozca el &#8220;peso legislativo&#8221; de Juntos por el Cambio &nbsp; &nbsp; Juntos por el Cambio anunci\u00f3 este domingo que no participar\u00e1 de la reuni\u00f3n convocada por Alberto Fern\u00e1ndez para este lunes con los l\u00edderes de los bloques opositores de la C\u00e1mara de Diputados. La principal exigencia ser\u00e1 que no asistan los bloques opositores con menos de 25 diputados. As\u00ed buscan que el gobierno nacional reconozca el &#8220;peso legislativo&#8221; de&#8230;<\/p>\n","protected":false},"author":3,"featured_media":64061,"comment_status":"closed","ping_status":"closed","sticky":false,"template":"","format":"standard","meta":[],"categories":[18],"tags":[],"_links":{"self":[{"href":"https:\/\/www.actualidadadiario.com\/index.php\/wp-json\/wp\/v2\/posts\/64060"}],"collection":[{"href":"https:\/\/www.actualidadadiario.com\/index.php\/wp-json\/wp\/v2\/posts"}],"about":[{"href":"https:\/\/www.actualidadadiario.com\/index.php\/wp-json\/wp\/v2\/types\/post"}],"author":[{"embeddable":true,"href":"https:\/\/www.actualidadadiario.com\/index.php\/wp-json\/wp\/v2\/users\/3"}],"replies":[{"embeddable":true,"href":"https:\/\/www.actualidadadiario.com\/index.php\/wp-json\/wp\/v2\/comments?post=64060"}],"version-history":[{"count":1,"href":"https:\/\/www.actualidadadiario.com\/index.php\/wp-json\/wp\/v2\/posts\/64060\/revisions"}],"predecessor-version":[{"id":64062,"href":"https:\/\/www.actualidadadiario.com\/index.php\/wp-json\/wp\/v2\/posts\/64060\/revisions\/64062"}],"wp:featuredmedia":[{"embeddable":true,"href":"https:\/\/www.actualidadadiario.com\/index.php\/wp-json\/wp\/v2\/media\/64061"}],"wp:attachment":[{"href":"https:\/\/www.actualidadadiario.com\/index.php\/wp-json\/wp\/v2\/media?parent=64060"}],"wp:term":[{"taxonomy":"category","embeddable":true,"href":"https:\/\/www.actualidadadiario.com\/index.php\/wp-json\/wp\/v2\/categories?post=64060"},{"taxonomy":"post_tag","embeddable":true,"href":"https:\/\/www.actualidadadiario.com\/index.php\/wp-json\/wp\/v2\/tags?post=64060"}],"curies":[{"name":"wp","href":"https:\/\/api.w.org\/{rel}","templated":true}]}}