{"id":64057,"date":"2020-07-13T13:06:26","date_gmt":"2020-07-13T16:06:26","guid":{"rendered":"https:\/\/www.actualidadadiario.com\/?p=64057"},"modified":"2020-07-30T16:03:41","modified_gmt":"2020-07-30T19:03:41","slug":"macri-profundizo-las-divisiones-dentro-del-pro","status":"publish","type":"post","link":"https:\/\/www.actualidadadiario.com\/index.php\/2020\/07\/13\/macri-profundizo-las-divisiones-dentro-del-pro\/","title":{"rendered":"Macri profundiz\u00f3 las divisiones dentro del PRO"},"content":{"rendered":"<p style=\"text-align: center;\"><em><strong>Comenz\u00f3 la carrera por las candidaturas 2021. El expresidente avis\u00f3 que dar\u00e1 batalla. Larreta busca a limitar a Bullrich<\/strong><\/em><\/p>\n<p>&nbsp;<\/p>\n<p>&nbsp;<\/p>\n<p>Como si todas fichas ocuparan su lugar, en unos pocos d\u00edas se escenific\u00f3 la guerra de posiciones que se vive dentro de Juntos por el Cambio (o m\u00e1s espec\u00edficamente, dentro del PRO). En ese ajedrez, se movi\u00f3 el rey blanco, es decir, el ex presidente Mauricio Macri, quien ofreci\u00f3 una entrevista en la que dijo que est\u00e1 listo para &#8220;dar batalla&#8221;, en una declaraci\u00f3n con aroma a candidatura. De otro lado, el jefe de Gobierno, Horacio Rodr\u00edguez Larreta, jug\u00f3 a sus alfiles y cre\u00f3 una mesa ejecutiva para limitar a Patricia Bullrich, la lugarteniente de Macri. No obstante, no hay jaque mate para nadie: mientras desde el ala dialoguista creen que ahora la tendr\u00e1n m\u00e1s controlada, hay quien advierte que &#8220;a la Piba no la para nadie&#8221;.<\/p>\n<p>Desde la salida de Macri del Gobierno nacional, se delinearon dos grupos: uno que lo rodea al ex presidente y que tiene una posici\u00f3n dura contra Alberto Fern\u00e1ndez. Y otro que se distanci\u00f3 de ambas cosas y que, casualidad o no, est\u00e1 integrado en su mayor\u00eda por opositores que ocupan cargos en poderes ejecutivos o legislativos.<\/p>\n<p>&nbsp;<\/p>\n<p><strong>El retorno de Macri<\/strong><\/p>\n<p>Quienes acompa\u00f1an al ex presidente y desean que vuelva a ser candidato en las pr\u00f3ximas elecciones se enfervorizaron con la reaparici\u00f3n de Macri en un reportaje en el cual castig\u00f3 al presidente Alberto Fern\u00e1ndez por su manejo de la pandemia, se quej\u00f3 del estado del sistema de salud y de la econom\u00eda y eludi\u00f3 cualquier responsabilidad sobre la situaci\u00f3n del pa\u00eds. Adem\u00e1s de plantear que apostar\u00e1 a la &#8220;unidad del espacio&#8221;, Macri dio dos mensajes: dijo que apuesta a los &#8220;nuevos liderazgos&#8221;, lo cual lo pondr\u00eda al costado de la contienda electoral. Pero tambi\u00e9n se refiri\u00f3 al &#8220;debate intenso que tendremos el a\u00f1o que viene&#8221; y asegur\u00f3: &#8220;En esa batalla estoy&#8221;. Todo eso tuvo aroma a postulaci\u00f3n electoral. En su entorno, dicen que es muy pronto para hablar de una candidatura y que, en definitiva, &#8220;eso lo va a determinar la gente&#8221;.<\/p>\n<p>\u00bfSu reaparici\u00f3n marca una nueva etapa, con Macri m\u00e1s presente en la arena pol\u00edtica? &#8220;Va a hablar cuando lo considere conveniente&#8221;, fue la respuesta, cr\u00edptica, cerca del ex presidente. Pero que da la idea de que las intervenciones, si bien ser\u00e1n cada vez m\u00e1s, estar\u00e1n cautelosamente elegidas. Para comentar el d\u00eda a d\u00eda, ya est\u00e1 Patricia Bullrich.<\/p>\n<p>Lo cierto es que si Macri eligiera lanzarse no solo causar\u00eda rechazo en el otro sector del PRO, sino en sus aliados: ya el titular de la UCR, Alfredo Cornejo, busc\u00f3 marcarle la cancha y dijo que &#8220;no tiene chance&#8221; de ser candidato.\u00a0 Incluso entre los que les gustar\u00eda que Macri volviera al ruedo, hay dudas: &#8220;M\u00e1s all\u00e1 de las marchas y del apoyo que tuvo hasta la primera vuelta, lo cierto es que perder la reelecci\u00f3n fue dur\u00edsimo. No es tan f\u00e1cil que vuelva&#8221;.<\/p>\n<p>&nbsp;<\/p>\n<p><strong>Los amigos de Alberto<\/strong><\/p>\n<p>En el ala dura del PRO produjeron urticaria una serie de im\u00e1genes que se sucedieron casi en simult\u00e1neo con la reaparici\u00f3n de Macri. La primera fue el encuentro del presidente Alberto Fern\u00e1ndez con los intendentes del PRO Jorge Macri (Vicente L\u00f3pez) y N\u00e9stor Grindetti (Lan\u00fas). No fue casual: los dos intendentes macristas hab\u00edan hecho llegar al presidente el mensaje de que no concordaban con las acusaciones que lanz\u00f3 Bullrich en el comunicado por el asesinato de Fabi\u00e1n Guti\u00e9rrez y tambi\u00e9n le avisaron que Larreta estaba dando la pelea interna para que &#8220;primara la sensatez&#8221;.\u00a0 Lo hicieron a trav\u00e9s de un intendente peronista que tambi\u00e9n estuvo en el encuentro con Fern\u00e1ndez, en el que hablaron de la pandemia.<\/p>\n<p>M\u00e1s all\u00e1 de las frases de rigor, en el entorno de uno de los intendentes dejaron bastante en claro el mensaje que mandaban con esa foto: &#8220;Hay una oposici\u00f3n m\u00e1s moderada y con responsabilidad de gesti\u00f3n en gobiernos provinciales o municipales y hay otra oposici\u00f3n m\u00e1s cr\u00edtica que vive en Twitter y Zoom porque ya no tienen responsabilidad de gesti\u00f3n.<\/p>\n<p>&#8220;El presidente obviamente se siente m\u00e1s c\u00f3modo trabajando con el primer grupo&#8221;. Esa fue la \u00e1cida caracterizaci\u00f3n que hicieron ante este diario. Con lo de Twitter no solo caracterizan a Bullrich, sino a otros adl\u00e1teres como el d\u00fao Waldo Wolff-Fernando Iglesias o la ex secretaria de lucha contra la Corrupci\u00f3n Laura Alonso, que se mostr\u00f3 muy activa defendiendo a Bullrich.<\/p>\n<p>A esa foto, se sum\u00f3 una segunda, el 9 de Julio, de Larreta junto a Alberto Fern\u00e1ndez, donde el presidente lo trat\u00f3 de &#8220;amigo&#8221;. Si bien fue solo una expresi\u00f3n coloquial entre dos que est\u00e1n llamados a enfrentarse en futuras elecciones, no dej\u00f3 de ser observado por los duros que, de tanto en tanto, fogonean hashtags como #LarretaTraidor. Y \u00e9se es el m\u00e1s publicable entre los que escriben.<\/p>\n<p>&nbsp;<\/p>\n<p><strong>La Piba<\/strong><\/p>\n<p>La semana pasada se vio el mayor choque dentro del PRO de los \u00faltimos tiempos, seguido de una recomposici\u00f3n. El conflicto fue por el comunicado de Guti\u00e9rrez. No s\u00f3lo por lo que dec\u00eda, que fue criticado hasta por Miguel \u00c1ngel Pichetto, sino por la forma en la que se gest\u00f3: Bullrich se apresur\u00f3 a publicarlo mientras segu\u00edan las discusiones internas, lo que gener\u00f3 una feroz reacci\u00f3n. Luego de un encuentro convocado por Larreta, donde estuvieron Mar\u00eda Eugenia Vidal y Cristian Ritondo, entre otros, el sector dialoguista impuls\u00f3 una mesa ejecutiva del PRO, que le ponga coto a Bullrich. Macri hace tiempo que dej\u00f3 de involucrarse en persona en las decisiones partidarias, desde que fracasaron las reuniones de la mesa chica que \u00e9l convoc\u00f3.<\/p>\n<p>Pero que se hayan anotado una victoria no significa que Bullrich se haya dado por vencida. Despu\u00e9s de todo, cuenta con el apoyo de Macri. Negoci\u00f3 fuerte con Jorge Macri y con el vicejefe porte\u00f1o Diego Santilli hasta incluir varios de los duros en la mesa, que finalmente tiene nueve integrantes. Quedaron cuatro a cuatro, con un noveno integrante que pivotea entre los dos sectores. Despu\u00e9s de eso, seg\u00fan diversas fuentes partidarias, las cosas se calmaron.<\/p>\n<p>Pero los diagn\u00f3sticos sobre el futuro son distintos. &#8220;Ahora ya no se nos va a volver a escapar Pato&#8221;, dec\u00eda uno de los integrantes de esa nueva mesa, que la va a marcar de cerca. Ese es el costo que tuvo el comunicado para ella: ahora no podr\u00e1 actuar si no consensua antes con el grupo de nueve que integra la mesa. &#8220;Para m\u00ed nada de esto va a servir. Ella va a seguir haciendo lo que quiera&#8221;, dec\u00eda otro del mismo sector, un poco resignado a las salidas de la presidenta del PRO y asidua tiktokera.<\/p>\n<p>&#8220;A Pato no la para nadie&#8221;, retrucaban desde el ala dura. Y recordaban c\u00f3mo era ella en los tiempos de ministra de Seguridad: el jefe de Gabinete, Marcos Pe\u00f1a, intentaba ponerle coto, y ella lo elud\u00eda y hablaba directamente con Macri, que le daba la raz\u00f3n. &#8220;Si no la pudo controlar Marquitos, \u00e9stos tampoco van a poder. No es una mujer de dejarse pasar por encima. Adem\u00e1s, est\u00e1 mucho m\u00e1s apoyada por nuestro votantes que los Monz\u00f3 o los Massot&#8221;, indicaban. Tambi\u00e9n recordaron que Humberto Schiavoni, el anterior presidente del PRO, le intent\u00f3 dar algunos consejos al comienzo de su mandato y ella lo cort\u00f3: &#8220;Si presido yo, presido yo. Si no, no me interesa este lugar&#8221;.<\/p>\n","protected":false},"excerpt":{"rendered":"<p>Comenz\u00f3 la carrera por las candidaturas 2021. El expresidente avis\u00f3 que dar\u00e1 batalla. Larreta busca a limitar a Bullrich &nbsp; &nbsp; Como si todas fichas ocuparan su lugar, en unos pocos d\u00edas se escenific\u00f3 la guerra de posiciones que se vive dentro de Juntos por el Cambio (o m\u00e1s espec\u00edficamente, dentro del PRO). En ese ajedrez, se movi\u00f3 el rey blanco, es decir, el ex presidente Mauricio Macri, quien ofreci\u00f3 una entrevista en la que dijo que est\u00e1 listo para &#8220;dar batalla&#8221;, en una declaraci\u00f3n con aroma a candidatura. De&#8230;<\/p>\n","protected":false},"author":3,"featured_media":64058,"comment_status":"closed","ping_status":"closed","sticky":false,"template":"","format":"standard","meta":[],"categories":[18],"tags":[],"_links":{"self":[{"href":"https:\/\/www.actualidadadiario.com\/index.php\/wp-json\/wp\/v2\/posts\/64057"}],"collection":[{"href":"https:\/\/www.actualidadadiario.com\/index.php\/wp-json\/wp\/v2\/posts"}],"about":[{"href":"https:\/\/www.actualidadadiario.com\/index.php\/wp-json\/wp\/v2\/types\/post"}],"author":[{"embeddable":true,"href":"https:\/\/www.actualidadadiario.com\/index.php\/wp-json\/wp\/v2\/users\/3"}],"replies":[{"embeddable":true,"href":"https:\/\/www.actualidadadiario.com\/index.php\/wp-json\/wp\/v2\/comments?post=64057"}],"version-history":[{"count":1,"href":"https:\/\/www.actualidadadiario.com\/index.php\/wp-json\/wp\/v2\/posts\/64057\/revisions"}],"predecessor-version":[{"id":64059,"href":"https:\/\/www.actualidadadiario.com\/index.php\/wp-json\/wp\/v2\/posts\/64057\/revisions\/64059"}],"wp:featuredmedia":[{"embeddable":true,"href":"https:\/\/www.actualidadadiario.com\/index.php\/wp-json\/wp\/v2\/media\/64058"}],"wp:attachment":[{"href":"https:\/\/www.actualidadadiario.com\/index.php\/wp-json\/wp\/v2\/media?parent=64057"}],"wp:term":[{"taxonomy":"category","embeddable":true,"href":"https:\/\/www.actualidadadiario.com\/index.php\/wp-json\/wp\/v2\/categories?post=64057"},{"taxonomy":"post_tag","embeddable":true,"href":"https:\/\/www.actualidadadiario.com\/index.php\/wp-json\/wp\/v2\/tags?post=64057"}],"curies":[{"name":"wp","href":"https:\/\/api.w.org\/{rel}","templated":true}]}}