{"id":64055,"date":"2020-07-13T13:05:31","date_gmt":"2020-07-13T16:05:31","guid":{"rendered":"https:\/\/www.actualidadadiario.com\/?p=64055"},"modified":"2020-07-30T16:03:41","modified_gmt":"2020-07-30T19:03:41","slug":"el-gobierno-de-macri-no-fue-malo-fue-pesimo","status":"publish","type":"post","link":"https:\/\/www.actualidadadiario.com\/index.php\/2020\/07\/13\/el-gobierno-de-macri-no-fue-malo-fue-pesimo\/","title":{"rendered":"&#8220;El Gobierno de Macri no fue malo, fue p\u00e9simo&#8221;"},"content":{"rendered":"<p style=\"text-align: center;\"><em><strong>El jefe de Gabinete retom\u00f3 el contrapunto con el ex Presidente tras su reaparici\u00f3n p\u00fablica. &#8220;Cuando se siembra odio, vas a cosechar odiadores&#8221;, justific\u00f3<\/strong><\/em><\/p>\n<p>&nbsp;<\/p>\n<p>&nbsp;<\/p>\n<p>&nbsp;<\/p>\n<p>El Jefe de Gabinete, Santiago Cafiero, afirm\u00f3 que el de Mauricio Macri &#8220;no fue un mal gobierno, fue un p\u00e9simo gobierno&#8221;, que promovi\u00f3 &#8220;la concentraci\u00f3n de la riqueza&#8221; y por ello sostuvo que los exfuncionarios y dirigentes de ese sector &#8220;deber\u00edan llamarse a la reflexi\u00f3n&#8221;.<\/p>\n<p>Al mismo tiempo, contrapuso que uno de los aciertos del presidente Alberto Fern\u00e1ndez en el manejo de la pandemia fue &#8220;tomar la decisi\u00f3n del aislamiento en tiempo y forma&#8221;.<\/p>\n<p>&#8220;No fue un mal gobierno, fue un p\u00e9simo gobierno con una decisi\u00f3n pol\u00edtica de instalar un sistema de concentraci\u00f3n de la riqueza&#8221;, dijo Cafiero a Radio 10 sobre la presidencia de Macri. Adem\u00e1s, sobre la gesti\u00f3n del expresidente y las declaraciones que Macri hizo la semana pasada con respecto al manejo de la cuarentena en el pa\u00eds, Cafiero fue tajante: &#8220;Est\u00e1 con otra informaci\u00f3n&#8221;, sentenci\u00f3.<\/p>\n<p>Y record\u00f3: &#8220;El Ministerio de Salud pas\u00f3 a ser Secretar\u00eda, tuvo una ca\u00edda del presupuesto del 25% y fue en el mandato de \u00e9l&#8221;.<\/p>\n<p>Tras contraponer a la gesti\u00f3n de Macri las medidas sanitarias y de infraestructura adoptadas por el Gobierno de Fern\u00e1ndez, resalt\u00f3 que &#8220;todos los argentinos y argentinas entendieron que estamos luchando contra una pandemia. Ese compromiso y responsabilidad individual se convirti\u00f3 en colectivo&#8221;.<\/p>\n<p>Sobre el llamado &#8220;discurso del odio&#8221;, sentenci\u00f3: &#8220;Cuando se siembra odio vas a cosechar odiadores. La pol\u00edtica y la tolerancia tienen que ver con respetar las diferencias&#8221;. Y asegur\u00f3 que el &#8220;Presidente (Fern\u00e1ndez) promueve el di\u00e1logo pol\u00edtico&#8221;.<\/p>\n<p>En ese sentido resalt\u00f3 que el primer mandatario &#8220;ya realiz\u00f3 dos reuniones con los presidente de bloques de la oposici\u00f3n de Diputados y Senadores&#8221;, y destac\u00f3 el rol de los cient\u00edficos y el personal m\u00e9dico, a los que defini\u00f3 como &#8220;h\u00e9roes&#8221;.<\/p>\n","protected":false},"excerpt":{"rendered":"<p>El jefe de Gabinete retom\u00f3 el contrapunto con el ex Presidente tras su reaparici\u00f3n p\u00fablica. &#8220;Cuando se siembra odio, vas a cosechar odiadores&#8221;, justific\u00f3 &nbsp; &nbsp; &nbsp; El Jefe de Gabinete, Santiago Cafiero, afirm\u00f3 que el de Mauricio Macri &#8220;no fue un mal gobierno, fue un p\u00e9simo gobierno&#8221;, que promovi\u00f3 &#8220;la concentraci\u00f3n de la riqueza&#8221; y por ello sostuvo que los exfuncionarios y dirigentes de ese sector &#8220;deber\u00edan llamarse a la reflexi\u00f3n&#8221;. Al mismo tiempo, contrapuso que uno de los aciertos del presidente Alberto Fern\u00e1ndez en el manejo de la&#8230;<\/p>\n","protected":false},"author":3,"featured_media":63842,"comment_status":"closed","ping_status":"closed","sticky":false,"template":"","format":"standard","meta":[],"categories":[18],"tags":[],"_links":{"self":[{"href":"https:\/\/www.actualidadadiario.com\/index.php\/wp-json\/wp\/v2\/posts\/64055"}],"collection":[{"href":"https:\/\/www.actualidadadiario.com\/index.php\/wp-json\/wp\/v2\/posts"}],"about":[{"href":"https:\/\/www.actualidadadiario.com\/index.php\/wp-json\/wp\/v2\/types\/post"}],"author":[{"embeddable":true,"href":"https:\/\/www.actualidadadiario.com\/index.php\/wp-json\/wp\/v2\/users\/3"}],"replies":[{"embeddable":true,"href":"https:\/\/www.actualidadadiario.com\/index.php\/wp-json\/wp\/v2\/comments?post=64055"}],"version-history":[{"count":1,"href":"https:\/\/www.actualidadadiario.com\/index.php\/wp-json\/wp\/v2\/posts\/64055\/revisions"}],"predecessor-version":[{"id":64056,"href":"https:\/\/www.actualidadadiario.com\/index.php\/wp-json\/wp\/v2\/posts\/64055\/revisions\/64056"}],"wp:featuredmedia":[{"embeddable":true,"href":"https:\/\/www.actualidadadiario.com\/index.php\/wp-json\/wp\/v2\/media\/63842"}],"wp:attachment":[{"href":"https:\/\/www.actualidadadiario.com\/index.php\/wp-json\/wp\/v2\/media?parent=64055"}],"wp:term":[{"taxonomy":"category","embeddable":true,"href":"https:\/\/www.actualidadadiario.com\/index.php\/wp-json\/wp\/v2\/categories?post=64055"},{"taxonomy":"post_tag","embeddable":true,"href":"https:\/\/www.actualidadadiario.com\/index.php\/wp-json\/wp\/v2\/tags?post=64055"}],"curies":[{"name":"wp","href":"https:\/\/api.w.org\/{rel}","templated":true}]}}