{"id":64050,"date":"2020-07-13T13:03:58","date_gmt":"2020-07-13T16:03:58","guid":{"rendered":"https:\/\/www.actualidadadiario.com\/?p=64050"},"modified":"2020-07-30T16:03:49","modified_gmt":"2020-07-30T19:03:49","slug":"el-presidente-dialoga-con-jefes-de-bloque-de-diputados-sin-juntos-por-el-cambio","status":"publish","type":"post","link":"https:\/\/www.actualidadadiario.com\/index.php\/2020\/07\/13\/el-presidente-dialoga-con-jefes-de-bloque-de-diputados-sin-juntos-por-el-cambio\/","title":{"rendered":"El presidente dialoga con jefes de bloque de Diputados sin Juntos por el Cambio"},"content":{"rendered":"<p style=\"text-align: center;\"><em><strong>Alberto Fern\u00e1ndez y el titular de la C\u00e1mara, Sergio Massa, encabezar\u00e1n el encuentro para analizar los proyectos de presupuesto, deuda y moratoria y avanzar hacia una agenda post pandemia<\/strong><\/em><\/p>\n<p>&nbsp;<\/p>\n<p>&nbsp;<\/p>\n<p>El presidente Alberto Fern\u00e1ndez mantendr\u00e1 este lunes una videoconferencia con el titular de la C\u00e1mara de Diputados, Sergio Massa, y jefes de los bloques de ese cuerpo para abordar c\u00f3mo ser\u00e1 la &#8220;reconstrucci\u00f3n en la pospandemia&#8221; de coronavirus.<\/p>\n<p>Por ahora, Juntos por el Cambio rechaz\u00f3 participar\u00e1n por considerar que la reuni\u00f3n debi\u00f3 ser &#8220;acordada con mayor antelaci\u00f3n&#8221; y pidi\u00f3 una reuni\u00f3n a solas con el presidente por ser la primera minor\u00eda parlamentaria.<\/p>\n<p>El encuentro virtual est\u00e1 agendado para las 17 y los temas que se abordar\u00e1n ser\u00e1n la &#8220;evaluaci\u00f3n de la cuarentena y la situaci\u00f3n sanitaria, la ampliaci\u00f3n presupuestaria para sostener las pol\u00edticas de ingresos, la moratoria para todos los sectores afectados, la deuda soberana bajo legislaci\u00f3n local y el di\u00e1logo para el acuerdo de reconstrucci\u00f3n pospandemia&#8221;, seg\u00fan informaron fuentes oficiales.<\/p>\n<p>Fuentes parlamentarias dijeron que la reuni\u00f3n &#8220;fue propiciada&#8221; por Massa para que Fern\u00e1ndez tenga un encuentro, como sucedi\u00f3 en marzo, con los presidentes de las bancadas del oficialismo y de la oposici\u00f3n de la C\u00e1mara baja.<\/p>\n<p>Las fuentes legislativas ratificaron que el Presidente dialogar\u00e1 con los parlamentarios sobre &#8220;la necesidad de un acuerdo para la reconstrucci\u00f3n de la econom\u00eda pospandemia y los principales proyectos que impulsar\u00e1 el Gobierno nacional&#8221;.<\/p>\n","protected":false},"excerpt":{"rendered":"<p>Alberto Fern\u00e1ndez y el titular de la C\u00e1mara, Sergio Massa, encabezar\u00e1n el encuentro para analizar los proyectos de presupuesto, deuda y moratoria y avanzar hacia una agenda post pandemia &nbsp; &nbsp; El presidente Alberto Fern\u00e1ndez mantendr\u00e1 este lunes una videoconferencia con el titular de la C\u00e1mara de Diputados, Sergio Massa, y jefes de los bloques de ese cuerpo para abordar c\u00f3mo ser\u00e1 la &#8220;reconstrucci\u00f3n en la pospandemia&#8221; de coronavirus. Por ahora, Juntos por el Cambio rechaz\u00f3 participar\u00e1n por considerar que la reuni\u00f3n debi\u00f3 ser &#8220;acordada con mayor antelaci\u00f3n&#8221; y pidi\u00f3&#8230;<\/p>\n","protected":false},"author":3,"featured_media":63999,"comment_status":"closed","ping_status":"closed","sticky":false,"template":"","format":"standard","meta":[],"categories":[9],"tags":[],"_links":{"self":[{"href":"https:\/\/www.actualidadadiario.com\/index.php\/wp-json\/wp\/v2\/posts\/64050"}],"collection":[{"href":"https:\/\/www.actualidadadiario.com\/index.php\/wp-json\/wp\/v2\/posts"}],"about":[{"href":"https:\/\/www.actualidadadiario.com\/index.php\/wp-json\/wp\/v2\/types\/post"}],"author":[{"embeddable":true,"href":"https:\/\/www.actualidadadiario.com\/index.php\/wp-json\/wp\/v2\/users\/3"}],"replies":[{"embeddable":true,"href":"https:\/\/www.actualidadadiario.com\/index.php\/wp-json\/wp\/v2\/comments?post=64050"}],"version-history":[{"count":1,"href":"https:\/\/www.actualidadadiario.com\/index.php\/wp-json\/wp\/v2\/posts\/64050\/revisions"}],"predecessor-version":[{"id":64051,"href":"https:\/\/www.actualidadadiario.com\/index.php\/wp-json\/wp\/v2\/posts\/64050\/revisions\/64051"}],"wp:featuredmedia":[{"embeddable":true,"href":"https:\/\/www.actualidadadiario.com\/index.php\/wp-json\/wp\/v2\/media\/63999"}],"wp:attachment":[{"href":"https:\/\/www.actualidadadiario.com\/index.php\/wp-json\/wp\/v2\/media?parent=64050"}],"wp:term":[{"taxonomy":"category","embeddable":true,"href":"https:\/\/www.actualidadadiario.com\/index.php\/wp-json\/wp\/v2\/categories?post=64050"},{"taxonomy":"post_tag","embeddable":true,"href":"https:\/\/www.actualidadadiario.com\/index.php\/wp-json\/wp\/v2\/tags?post=64050"}],"curies":[{"name":"wp","href":"https:\/\/api.w.org\/{rel}","templated":true}]}}