{"id":64038,"date":"2020-07-13T13:00:33","date_gmt":"2020-07-13T16:00:33","guid":{"rendered":"https:\/\/www.actualidadadiario.com\/?p=64038"},"modified":"2020-07-30T16:03:49","modified_gmt":"2020-07-30T19:03:49","slug":"el-indec-informara-el-miercoles-la-inflacion-de-junio","status":"publish","type":"post","link":"https:\/\/www.actualidadadiario.com\/index.php\/2020\/07\/13\/el-indec-informara-el-miercoles-la-inflacion-de-junio\/","title":{"rendered":"El Indec informar\u00e1 el mi\u00e9rcoles la inflaci\u00f3n de junio"},"content":{"rendered":"<p style=\"text-align: center;\"><em><strong>Los analistas privados esperan que sea menor al 2% por tercer mes consecutivo. Capacidad ociosa y precios mayoristas, en la agenda semanal<\/strong><\/em><\/p>\n<p>&nbsp;<\/p>\n<p>&nbsp;<\/p>\n<p>&nbsp;<\/p>\n<p>El Indec publicar\u00e1 este mi\u00e9rcoles el \u00edndice de precios al consumidor (IPC) de junio. Las estimaciones de los analistas anticipan que volver\u00e1 a ubicarse por debajo del 2%, luego del 1,5% anotado en abril y mayo, y en el marco de una profunda ca\u00edda del consumo producto de la coronacrisis.<\/p>\n<p>Seg\u00fan el \u00faltimo Relevamiento de Expectativas del Mercado (REM) que public\u00f3 el Banco Central, el promedio de las estimaciones de los analistas para la inflaci\u00f3n de junio es 1,7%. De confirmarse, el IPC acumulado en el segundo trimestre ser\u00eda del 4,8%, es decir, el m\u00e1s bajo de la serie que se inici\u00f3 en 2016.<\/p>\n<p>En la agenda semanal del Indec se destaca tambi\u00e9n el informe de Uso de la Capacidad Instalada de la Industria de mayo, que saldr\u00e1 el martes. En abril, el mes de cuarentena m\u00e1s estricta toc\u00f3 el piso del 42%. Ese d\u00eda tambi\u00e9n se conocer\u00e1n datos oficiales de turismo internacional de mayo y de servicios p\u00fablicos de abril.<\/p>\n<p>El jueves se publicar\u00e1 el \u00edndice de precios mayoristas y el del costo de la construcci\u00f3n, ambos de junio. Mientras que el viernes se difundir\u00e1n las encuestas cualitativas de comercio en contexto de Covid-19.<\/p>\n","protected":false},"excerpt":{"rendered":"<p>Los analistas privados esperan que sea menor al 2% por tercer mes consecutivo. Capacidad ociosa y precios mayoristas, en la agenda semanal &nbsp; &nbsp; &nbsp; El Indec publicar\u00e1 este mi\u00e9rcoles el \u00edndice de precios al consumidor (IPC) de junio. Las estimaciones de los analistas anticipan que volver\u00e1 a ubicarse por debajo del 2%, luego del 1,5% anotado en abril y mayo, y en el marco de una profunda ca\u00edda del consumo producto de la coronacrisis. Seg\u00fan el \u00faltimo Relevamiento de Expectativas del Mercado (REM) que public\u00f3 el Banco Central, el&#8230;<\/p>\n","protected":false},"author":3,"featured_media":60213,"comment_status":"closed","ping_status":"closed","sticky":false,"template":"","format":"standard","meta":[],"categories":[2],"tags":[],"_links":{"self":[{"href":"https:\/\/www.actualidadadiario.com\/index.php\/wp-json\/wp\/v2\/posts\/64038"}],"collection":[{"href":"https:\/\/www.actualidadadiario.com\/index.php\/wp-json\/wp\/v2\/posts"}],"about":[{"href":"https:\/\/www.actualidadadiario.com\/index.php\/wp-json\/wp\/v2\/types\/post"}],"author":[{"embeddable":true,"href":"https:\/\/www.actualidadadiario.com\/index.php\/wp-json\/wp\/v2\/users\/3"}],"replies":[{"embeddable":true,"href":"https:\/\/www.actualidadadiario.com\/index.php\/wp-json\/wp\/v2\/comments?post=64038"}],"version-history":[{"count":1,"href":"https:\/\/www.actualidadadiario.com\/index.php\/wp-json\/wp\/v2\/posts\/64038\/revisions"}],"predecessor-version":[{"id":64039,"href":"https:\/\/www.actualidadadiario.com\/index.php\/wp-json\/wp\/v2\/posts\/64038\/revisions\/64039"}],"wp:featuredmedia":[{"embeddable":true,"href":"https:\/\/www.actualidadadiario.com\/index.php\/wp-json\/wp\/v2\/media\/60213"}],"wp:attachment":[{"href":"https:\/\/www.actualidadadiario.com\/index.php\/wp-json\/wp\/v2\/media?parent=64038"}],"wp:term":[{"taxonomy":"category","embeddable":true,"href":"https:\/\/www.actualidadadiario.com\/index.php\/wp-json\/wp\/v2\/categories?post=64038"},{"taxonomy":"post_tag","embeddable":true,"href":"https:\/\/www.actualidadadiario.com\/index.php\/wp-json\/wp\/v2\/tags?post=64038"}],"curies":[{"name":"wp","href":"https:\/\/api.w.org\/{rel}","templated":true}]}}