{"id":64034,"date":"2020-07-13T12:59:09","date_gmt":"2020-07-13T15:59:09","guid":{"rendered":"https:\/\/www.actualidadadiario.com\/?p=64034"},"modified":"2020-07-30T16:03:49","modified_gmt":"2020-07-30T19:03:49","slug":"cautela-mas-provincias-reacias-a-retornar-a-escuelas-en-agosto","status":"publish","type":"post","link":"https:\/\/www.actualidadadiario.com\/index.php\/2020\/07\/13\/cautela-mas-provincias-reacias-a-retornar-a-escuelas-en-agosto\/","title":{"rendered":"Cautela: m\u00e1s provincias reacias a retornar a escuelas en agosto"},"content":{"rendered":"<p style=\"text-align: center;\"><em><strong>Algunos distritos -incluso en Fase 5- exploran septiembre. No es sin embargo un escenario generalizado por el momento, y otros mantienen hoja de ruta inicial, atada a protocolos y a curva epidemiol\u00f3gica<\/strong><\/em><\/p>\n<p>&nbsp;<\/p>\n<p>&nbsp;<\/p>\n<p>Si bien ya fueron aprobados los protocolos de base para el retorno a las clases presenciales, crece el lote de provincias reacias a plasmarlo en agosto: a las primeras en explorar un potencial regreso en septiembre para esquivar los rigores del invierno (con foco en distritos patag\u00f3nicos) se sumaron ahora otras, frente a los zigzagueos de la curva de contagios y la incertidumbre que les genera -afirman algunas- una potencial onda expansiva desde el AMBA.<\/p>\n<p>No es, hasta el momento, un escenario generalizado, y otros distritos mantienen a\u00fan una hoja de ruta que apunta a agosto.<\/p>\n<p>Pero mientras a lo largo de este mes las provincias transitan sus dos semanas de vacaciones escolares (CABA y Buenos Aires, por caso, las iniciar\u00e1n el lunes que viene), las definiciones comienzan a desdibujarse incluso en algunos distritos que dejaron ya la fase de aislamiento social obligatorio y transitan la de distanciamiento.<\/p>\n<p>M\u00e1s all\u00e1 del caso del AMBA, donde la escalada de contagios impide visualizar certezas en materia de fechas, en los \u00faltimos d\u00edas provincias como Catamarca, Corrientes, Mendoza, Santa Fe, Jujuy, Misiones y La Pampa comenzaron a dar se\u00f1ales respecto de que eval\u00faan septiembre como potencial fecha de retorno.<\/p>\n<p>\u201cAnte la situaci\u00f3n epidemiol\u00f3gica, seguramente no vamos a regresar a clases como estaba previsto, el 3 de agosto; ya estamos pensando en septiembre\u201d, asegur\u00f3 a El Esqui\u00fa el ministro de Educaci\u00f3n de Catamarca, Francisco Gordillo, luego de que el gobernador Ra\u00fal Jalil decretara la Fase 1 por el debut de la provincia en materia de casos confirmados (ayer eran 39).<\/p>\n<p>La cautela prima tambi\u00e9n en Corrientes. \u201cCon el escenario de Buenos Aires veo dif\u00edcil el comienzo de clases en agosto, y si no est\u00e1n dadas las condiciones en Corrientes no vamos a volver a las clases presenciales\u201d, enfatiz\u00f3 el mandatario radical Gustavo Vald\u00e9s, desde un distrito-en cambio- en Fase 5 y con 125 casos en su historial.<\/p>\n<p>Desde Mendoza, en tanto, el titular de la Direcci\u00f3n General de Escuelas, Jos\u00e9 Thomas, asegur\u00f3 que \u201cagosto ser\u00e1 una transici\u00f3n, un formateo fuerte\u201d en la provincia del radical Rodolfo Suarez, tambi\u00e9n en Fase 5 y con 295 casos confirmados. \u201cLuego, a partir de septiembre estar\u00edamos m\u00e1s cerca de una vuelta a clase con una bimodalidad\u201d, se\u00f1al\u00f3, en di\u00e1logo con Radio Mdz.<\/p>\n<p>\u201cEn La Pampa no tenemos una fecha cercana; estamos cerca del gran pico de la pandemia en la ciudad de Buenos Aires y en el Conurbano, y la alta conectividad que tenemos a trav\u00e9s del transporte nos obliga a ser cautos\u201d, asegur\u00f3 d\u00edas atr\u00e1s el gobernador peronista Sergio Ziliotto, tambi\u00e9n en Fase 5 y s\u00f3lo con 7 casos confirmados, el mejor score del pa\u00eds.<\/p>\n<p>En Misiones, por su parte, el mandatario Oscar Herrera Ahuad dijo que \u201cse habla de agosto que es el mes que ha puesto Naci\u00f3n para volver, pero cada distrito tiene su propia realidad epidemiol\u00f3gica\u201d. \u201cCuando el comit\u00e9 de crisis me diga cu\u00e1ndo podemos volver, vamos a comenzar las clases\u201d, remarc\u00f3.<\/p>\n<p>En Jujuy, en tanto, la ministra de Educaci\u00f3n, Isolda Calsina, se\u00f1al\u00f3 que \u201cno est\u00e1 previsto el retorno para agosto, salvo que las condiciones sanitarias mejoraran muy r\u00e1pidamente y permitieran tomar otras decisiones\u201d. \u201cEstamos enfocados en las clases de apoyo\u201d, dijo desde la provincia del radical Gerardo Morales, donde retomaron la Fase 1 frente a la escalada de contagios y 462 casos.<\/p>\n<p>Por su parte, desde Santa Fe, la ministra de Educaci\u00f3n, Adriana Cantero, plante\u00f3 un plan gradual con capacitaci\u00f3n de docentes y no docentes en agosto, y reci\u00e9n en septiembre un retorno escalonado de los alumnos, con foco primero en la ruralidad y en los \u00faltimos grados de cada nivel.<\/p>\n<p>Se sumaron as\u00ed a otros distritos que ya hab\u00edan anticipado la decisi\u00f3n de esperar al mes de inicio de la primavera para retornar a las escuelas, como en el caso de Neuqu\u00e9n y R\u00edo Negro, seg\u00fan lo precisado por los mandatarios Omar Guti\u00e9rrez y Arabela Carreras.<\/p>\n<p>La decisi\u00f3n final sobre la fecha de regreso a clases presenciales ser\u00e1 de cada gobernador, como lo remarca el ministro de Educaci\u00f3n nacional, Nicol\u00e1s Trotta. A priori, en el Palacio Sarmiento consideran que en agosto las provincias en Fase 5 de distanciamiento social podr\u00edan estar en condiciones de activar un retorno progresivo si la curva epidemiol\u00f3gica no cambia, con protocolos que marcar\u00e1n una combinaci\u00f3n de clases virtuales con actividad en los hogares, aulas con menos alumnos e ingresos escalonados a las escuelas.<\/p>\n<p>\u201cCon protocolos, varias provincias est\u00e1n planteando la posibilidad de iniciar un regreso en agosto; algunas de ellas eval\u00faan comenzar por localidades peque\u00f1as y medianas y por la ruralidad\u201d, dijo Trotta, con la mirada puesta en distritos \u201ccon bajo o nulo nivel de circulaci\u00f3n\u201d del virus. \u201cNuestra expectativa es que todos tengan antes de fin de a\u00f1o clases parcialmente presenciales, incluso en la regi\u00f3n metropolitana, donde estamos esperando con expectativa lo que deber\u00eda ser el inicio de una marcada baja en la curva de contagios y poder plantear un horizonte de retorno a las escuelas\u201d, se\u00f1al\u00f3, en declaraciones a CNN Radio.<\/p>\n","protected":false},"excerpt":{"rendered":"<p>Algunos distritos -incluso en Fase 5- exploran septiembre. No es sin embargo un escenario generalizado por el momento, y otros mantienen hoja de ruta inicial, atada a protocolos y a curva epidemiol\u00f3gica &nbsp; &nbsp; Si bien ya fueron aprobados los protocolos de base para el retorno a las clases presenciales, crece el lote de provincias reacias a plasmarlo en agosto: a las primeras en explorar un potencial regreso en septiembre para esquivar los rigores del invierno (con foco en distritos patag\u00f3nicos) se sumaron ahora otras, frente a los zigzagueos de&#8230;<\/p>\n","protected":false},"author":3,"featured_media":63371,"comment_status":"closed","ping_status":"closed","sticky":false,"template":"","format":"standard","meta":[],"categories":[9],"tags":[],"_links":{"self":[{"href":"https:\/\/www.actualidadadiario.com\/index.php\/wp-json\/wp\/v2\/posts\/64034"}],"collection":[{"href":"https:\/\/www.actualidadadiario.com\/index.php\/wp-json\/wp\/v2\/posts"}],"about":[{"href":"https:\/\/www.actualidadadiario.com\/index.php\/wp-json\/wp\/v2\/types\/post"}],"author":[{"embeddable":true,"href":"https:\/\/www.actualidadadiario.com\/index.php\/wp-json\/wp\/v2\/users\/3"}],"replies":[{"embeddable":true,"href":"https:\/\/www.actualidadadiario.com\/index.php\/wp-json\/wp\/v2\/comments?post=64034"}],"version-history":[{"count":1,"href":"https:\/\/www.actualidadadiario.com\/index.php\/wp-json\/wp\/v2\/posts\/64034\/revisions"}],"predecessor-version":[{"id":64035,"href":"https:\/\/www.actualidadadiario.com\/index.php\/wp-json\/wp\/v2\/posts\/64034\/revisions\/64035"}],"wp:featuredmedia":[{"embeddable":true,"href":"https:\/\/www.actualidadadiario.com\/index.php\/wp-json\/wp\/v2\/media\/63371"}],"wp:attachment":[{"href":"https:\/\/www.actualidadadiario.com\/index.php\/wp-json\/wp\/v2\/media?parent=64034"}],"wp:term":[{"taxonomy":"category","embeddable":true,"href":"https:\/\/www.actualidadadiario.com\/index.php\/wp-json\/wp\/v2\/categories?post=64034"},{"taxonomy":"post_tag","embeddable":true,"href":"https:\/\/www.actualidadadiario.com\/index.php\/wp-json\/wp\/v2\/tags?post=64034"}],"curies":[{"name":"wp","href":"https:\/\/api.w.org\/{rel}","templated":true}]}}