{"id":64031,"date":"2020-07-13T12:58:16","date_gmt":"2020-07-13T15:58:16","guid":{"rendered":"https:\/\/www.actualidadadiario.com\/?p=64031"},"modified":"2020-07-30T16:03:49","modified_gmt":"2020-07-30T19:03:49","slug":"casos-de-covid-19-en-el-hospital-santa-rosa-seguimos-funcionando-igual-a-pesar-de-que-hay-personal-de-salud-aislado-dijo-lalosa","status":"publish","type":"post","link":"https:\/\/www.actualidadadiario.com\/index.php\/2020\/07\/13\/casos-de-covid-19-en-el-hospital-santa-rosa-seguimos-funcionando-igual-a-pesar-de-que-hay-personal-de-salud-aislado-dijo-lalosa\/","title":{"rendered":"Casos de Covid-19 en el Hospital Santa Rosa: \u00abSeguimos funcionando igual a pesar de que hay personal de salud aislado\u00bb, dijo Lalosa"},"content":{"rendered":"<p style=\"text-align: center;\"><em><strong>El pasado fin de semana, entre los casos positivos de coronavirus registrados en la ciudad de Chajar\u00ed, se confirm\u00f3 que dos de ellos corresponden a una profesional y un chofer de ambulancia del Hospital Santa Rosa. La directora del nosocomio se refiri\u00f3 a esta situaci\u00f3n y dio precisiones del trabajo que se viene desarrollando en la zona ante el aumento de casos. Tambi\u00e9n hizo menci\u00f3n a la decisi\u00f3n tomada por el Ejecutivo municipal de Villa del Rosario de regresar a la Fase 1 del aislamiento<\/strong><\/em><\/p>\n<p>&nbsp;<\/p>\n<p>La dra. Fernanda Lalosa manifest\u00f3 que \u00abcuando en el mes de marzo comenzamos con todo el armado para la atenci\u00f3n de los pacientes con Covid, nosotros hab\u00edamos dicho que epidemiol\u00f3gicamente \u00edbamos a tener alrededor de 100 o m\u00e1s casos y, efectivamente, es lo que se est\u00e1 dando en la zona\u00bb. Al respecto, se\u00f1al\u00f3 que \u00absi bien la mayor\u00eda de los casos son leves, algo que es bueno porque las personas lo van a cursar como un s\u00edndrome gripal, esto no quita que no se vayan extremando las medidas de bioseguridad, ya que al tener m\u00e1s casos, hay posibilidades de mayor contagio\u00bb.<\/p>\n<p>\u00abA pesar de la flexibilizaci\u00f3n que hay en mucho rubros, no debemos olvidar que esto debe ir acompa\u00f1ado de las medidas de bioseguridad. La gente cree que la autorizaci\u00f3n de actividades es porque no est\u00e1 el virus, pero no es as\u00ed\u00bb, recalc\u00f3.<\/p>\n<p>Luego, la directora del Hospital Santa Rosa de Chajar\u00ed sostuvo que \u00abestamos trabajando bien y c\u00f3modos, porque los casos se dan de forma paulatina. Estamos trabajando c\u00f3modamente con la cantidad de camas y espacios f\u00edsicos de aislamiento que tenemos\u00bb. A ello agreg\u00f3 que \u00abdesde el principio hemos formado equipos de trabajo, as\u00ed que esto nos hace estar seguros y tranquilos. Hay un grupo de enfermeros y m\u00e9dicos que est\u00e1n abocados a las personas aisladas en Termas de Chajar\u00ed y lo mismo ocurre en Santa Ana, donde hay pacientes positivos de Covid en un camping y en la UCMAC\u00bb.<\/p>\n<p>\u00abLo m\u00e1s importante ahora tanto para la poblaci\u00f3n como para el personal de salud es no caer en el caos\u00bb, recalc\u00f3 la profesional.<\/p>\n<p>Asimismo, asegur\u00f3 que \u00absab\u00edamos que la pandemia iba a llegar, que \u00edbamos a tener casos y especialmente en nuestra zona, debido al alto tr\u00e1nsito que tenemos de camiones por la citricultura y la actividad maderera, es una zona de mucho movimiento comercial, entonces es l\u00f3gico que vamos a seguir teniendo casos positivos y todav\u00eda no tenemos la fecha en que esto terminar\u00e1\u00bb.<\/p>\n<p>&nbsp;<\/p>\n<p><strong>Casos de Covid-19 en el hospital<\/strong><\/p>\n<p>En relaci\u00f3n a los casos positivos de coronavirus registrados en el nosocomio chajariense, Lalosa confi\u00f3 que \u00abnos toc\u00f3 primero con una enfermera de Villa del Rosario y ahora se dio con personal del hospital que tuvo un accidente con la m\u00e1scara de protecci\u00f3n , cuesti\u00f3n que nos permite ver la contagiosidad de este virus, ya que con el s\u00f3lo hecho de este accidente y estar cerca de un positivo, la persona se contagia\u00bb.<\/p>\n<p>\u00abUno de los casos se dio con una m\u00e9dica, en el momento en que tuvo que entubar a un paciente y la m\u00e1scara se le corri\u00f3; y lo mismo sucedi\u00f3 con uno de los choferes de ambulancia. Por este motivo, tenemos en aislamiento tambi\u00e9n a personal del nosocomio, pero tenemos la suerte de contamos con otra gente que puede realizar las mismas tareas\u00bb, explic\u00f3 Lalosa.<\/p>\n<p>A su vez, afirm\u00f3 que \u00abpara llevar tranquilidad a la poblaci\u00f3n, el hospital sigue funcionando igual a pesar de que hay personal de salud aislado\u00bb. Y precis\u00f3 que \u00abson varios aislados, porque se a\u00edsla a la primera y segunda l\u00ednea, es decir no solamente al contacto estrecho, sino tambi\u00e9n al resto de los contactos que tuvo la persona que dio positivo para evitar que el virus se siga propagando. En salud uno es m\u00e1s riguroso que con el resto de los casos, porque somos los que estamos en primera l\u00ednea y con los que mayor contacto uno puede llegar a tener\u00bb.<\/p>\n<p>&nbsp;<\/p>\n<p><strong>Villa del Rosario en Fase 1<\/strong><\/p>\n<p>En este sentido, la funcionaria destac\u00f3 que \u00abfue una decisi\u00f3n muy inteligente de la intendenta Vanina Perini, con quien estamos en permanente contacto, porque de la \u00fanica manera en que esta situaci\u00f3n se frena es restringiendo la circulaci\u00f3n de personas, otra forma no hay lamentablemente\u00bb. Y agreg\u00f3 que \u00abes una conducta muy buena la adoptada por 10 d\u00edas, porque esto hace que no siga circulando el virus y la gente quede en sus domicilios hasta que esto pase\u00bb.<\/p>\n<p>En relaci\u00f3n al aislamiento de los pacientes positivos de nuestra localidad y sus contactos estrechos, Lalosa dijo que \u00abactualmente tenemos gente aislada en todos lados. Hay personas que est\u00e1n aisladas en su domicilio, lo que est\u00e1 permitido si pueden cumplir estrictamente con el aislamiento\u00bb.<\/p>\n<p>Consultada sobre la posibilidad de puesta en funcionamiento de una UCMAC (Unidad de Cuidados M\u00ednimos para pacientes con Coronavirus) en Villa del Rosario, la doctora sostuvo que \u00absi la situaci\u00f3n se complicara, desde el hospital vamos a ir a la localidad y, como lo hicimos en Santa Ana, vamos a proponer una idea y organizar todo lo que corresponde con una UCMAC. Por ahora no, porque se tom\u00f3 la conducta de bloquear, pero si es necesario si lo haremos\u00bb.<\/p>\n","protected":false},"excerpt":{"rendered":"<p>El pasado fin de semana, entre los casos positivos de coronavirus registrados en la ciudad de Chajar\u00ed, se confirm\u00f3 que dos de ellos corresponden a una profesional y un chofer de ambulancia del Hospital Santa Rosa. La directora del nosocomio se refiri\u00f3 a esta situaci\u00f3n y dio precisiones del trabajo que se viene desarrollando en la zona ante el aumento de casos. Tambi\u00e9n hizo menci\u00f3n a la decisi\u00f3n tomada por el Ejecutivo municipal de Villa del Rosario de regresar a la Fase 1 del aislamiento &nbsp; La dra. Fernanda Lalosa&#8230;<\/p>\n","protected":false},"author":3,"featured_media":64032,"comment_status":"closed","ping_status":"closed","sticky":false,"template":"","format":"standard","meta":[],"categories":[15],"tags":[],"_links":{"self":[{"href":"https:\/\/www.actualidadadiario.com\/index.php\/wp-json\/wp\/v2\/posts\/64031"}],"collection":[{"href":"https:\/\/www.actualidadadiario.com\/index.php\/wp-json\/wp\/v2\/posts"}],"about":[{"href":"https:\/\/www.actualidadadiario.com\/index.php\/wp-json\/wp\/v2\/types\/post"}],"author":[{"embeddable":true,"href":"https:\/\/www.actualidadadiario.com\/index.php\/wp-json\/wp\/v2\/users\/3"}],"replies":[{"embeddable":true,"href":"https:\/\/www.actualidadadiario.com\/index.php\/wp-json\/wp\/v2\/comments?post=64031"}],"version-history":[{"count":1,"href":"https:\/\/www.actualidadadiario.com\/index.php\/wp-json\/wp\/v2\/posts\/64031\/revisions"}],"predecessor-version":[{"id":64033,"href":"https:\/\/www.actualidadadiario.com\/index.php\/wp-json\/wp\/v2\/posts\/64031\/revisions\/64033"}],"wp:featuredmedia":[{"embeddable":true,"href":"https:\/\/www.actualidadadiario.com\/index.php\/wp-json\/wp\/v2\/media\/64032"}],"wp:attachment":[{"href":"https:\/\/www.actualidadadiario.com\/index.php\/wp-json\/wp\/v2\/media?parent=64031"}],"wp:term":[{"taxonomy":"category","embeddable":true,"href":"https:\/\/www.actualidadadiario.com\/index.php\/wp-json\/wp\/v2\/categories?post=64031"},{"taxonomy":"post_tag","embeddable":true,"href":"https:\/\/www.actualidadadiario.com\/index.php\/wp-json\/wp\/v2\/tags?post=64031"}],"curies":[{"name":"wp","href":"https:\/\/api.w.org\/{rel}","templated":true}]}}