{"id":64026,"date":"2020-07-13T12:56:18","date_gmt":"2020-07-13T15:56:18","guid":{"rendered":"https:\/\/www.actualidadadiario.com\/?p=64026"},"modified":"2020-07-30T16:03:49","modified_gmt":"2020-07-30T19:03:49","slug":"la-reunion-de-diputados-con-la-cupula-policial-por-silobolsas-se-concretara-el-jueves","status":"publish","type":"post","link":"https:\/\/www.actualidadadiario.com\/index.php\/2020\/07\/13\/la-reunion-de-diputados-con-la-cupula-policial-por-silobolsas-se-concretara-el-jueves\/","title":{"rendered":"La reuni\u00f3n de Diputados con la c\u00fapula policial por silobolsas se concretar\u00e1 el jueves"},"content":{"rendered":"<p style=\"text-align: center;\"><em><strong>El jueves, a partir de las 11:00 horas, se concretar\u00e1 el encuentro de la Comisi\u00f3n de Seguridad, presidida por la diputada Ayel\u00e9n Acosta (PRO \u2013 Cambiemos) en la que se analizar\u00e1 la situaci\u00f3n en la provincia por los actos de vandalismo en silobolsas. Adem\u00e1s se trabajar\u00e1 sobre un proyecto de Resoluci\u00f3n para solicitar al Poder Ejecutivo Provincial que arbitre los medios necesarios para intensificar las tareas de control y monitoreo en zonas rurales de la provincia<\/strong><\/em><\/p>\n<p>&nbsp;<\/p>\n<p>A este encuentro asistir\u00e1n el jefe de la Polic\u00eda, comisario general Gustavo Maslein y el director de Prevenci\u00f3n de Delitos Rurales, comisario Mario Z\u00e1rate. El encuentro se concretar\u00e1 v\u00eda Zoom.<\/p>\n<p>Durante la semana, tambi\u00e9n habr\u00e1 encuentros de las comisiones de Trabajo y Salud P\u00fablica.<\/p>\n<p>El martes desde las 10:00 horas se reunir\u00e1 la Comisi\u00f3n de Trabajo, presidida por el diputado Manuel Troncoso (PRO \u2013 Cambiemos). Legisladoras y legisladores continuar\u00e1n con el tratamiento del proyecto de Ley que impulsa la creaci\u00f3n de la Bolsa de Trabajo de Entre R\u00edos. Adem\u00e1s abordar\u00e1n un proyecto de Resoluci\u00f3n para solicitar al Poder Ejecutivo Provincial que, por intermedio del organismo que corresponda, requiera al Poder Ejecutivo Nacional, la excepci\u00f3n en los t\u00e9rminos del DNU 297\/20, de los miembros de la Comisi\u00f3n Directiva de los Sindicatos radicados en el territorio provincial.<\/p>\n<p>El mi\u00e9rcoles, desde las 9:00 horas, se reunir\u00e1 la Comisi\u00f3n de Salud P\u00fablica, que preside el diputado Jorge C\u00e1ceres (Frente Creer) para continuar con el tratamiento del proyecto de Ley que impulsa la restricci\u00f3n de oferta de golosinas y ultraprocesados pr\u00f3ximos a las cajas registradoras, accesos y salidas de supermercados e hipermercados de la provincia.<\/p>\n","protected":false},"excerpt":{"rendered":"<p>El jueves, a partir de las 11:00 horas, se concretar\u00e1 el encuentro de la Comisi\u00f3n de Seguridad, presidida por la diputada Ayel\u00e9n Acosta (PRO \u2013 Cambiemos) en la que se analizar\u00e1 la situaci\u00f3n en la provincia por los actos de vandalismo en silobolsas. Adem\u00e1s se trabajar\u00e1 sobre un proyecto de Resoluci\u00f3n para solicitar al Poder Ejecutivo Provincial que arbitre los medios necesarios para intensificar las tareas de control y monitoreo en zonas rurales de la provincia &nbsp; A este encuentro asistir\u00e1n el jefe de la Polic\u00eda, comisario general Gustavo Maslein&#8230;<\/p>\n","protected":false},"author":3,"featured_media":63957,"comment_status":"closed","ping_status":"closed","sticky":false,"template":"","format":"standard","meta":[],"categories":[15],"tags":[],"_links":{"self":[{"href":"https:\/\/www.actualidadadiario.com\/index.php\/wp-json\/wp\/v2\/posts\/64026"}],"collection":[{"href":"https:\/\/www.actualidadadiario.com\/index.php\/wp-json\/wp\/v2\/posts"}],"about":[{"href":"https:\/\/www.actualidadadiario.com\/index.php\/wp-json\/wp\/v2\/types\/post"}],"author":[{"embeddable":true,"href":"https:\/\/www.actualidadadiario.com\/index.php\/wp-json\/wp\/v2\/users\/3"}],"replies":[{"embeddable":true,"href":"https:\/\/www.actualidadadiario.com\/index.php\/wp-json\/wp\/v2\/comments?post=64026"}],"version-history":[{"count":1,"href":"https:\/\/www.actualidadadiario.com\/index.php\/wp-json\/wp\/v2\/posts\/64026\/revisions"}],"predecessor-version":[{"id":64027,"href":"https:\/\/www.actualidadadiario.com\/index.php\/wp-json\/wp\/v2\/posts\/64026\/revisions\/64027"}],"wp:featuredmedia":[{"embeddable":true,"href":"https:\/\/www.actualidadadiario.com\/index.php\/wp-json\/wp\/v2\/media\/63957"}],"wp:attachment":[{"href":"https:\/\/www.actualidadadiario.com\/index.php\/wp-json\/wp\/v2\/media?parent=64026"}],"wp:term":[{"taxonomy":"category","embeddable":true,"href":"https:\/\/www.actualidadadiario.com\/index.php\/wp-json\/wp\/v2\/categories?post=64026"},{"taxonomy":"post_tag","embeddable":true,"href":"https:\/\/www.actualidadadiario.com\/index.php\/wp-json\/wp\/v2\/tags?post=64026"}],"curies":[{"name":"wp","href":"https:\/\/api.w.org\/{rel}","templated":true}]}}