{"id":64024,"date":"2020-07-13T12:55:30","date_gmt":"2020-07-13T15:55:30","guid":{"rendered":"https:\/\/www.actualidadadiario.com\/?p=64024"},"modified":"2020-07-30T16:03:49","modified_gmt":"2020-07-30T19:03:49","slug":"extendieron-el-aislamiento-obligatorio-en-santa-ana","status":"publish","type":"post","link":"https:\/\/www.actualidadadiario.com\/index.php\/2020\/07\/13\/extendieron-el-aislamiento-obligatorio-en-santa-ana\/","title":{"rendered":"Extendieron el aislamiento obligatorio en Santa Ana"},"content":{"rendered":"<p style=\"text-align: center;\"><em><strong>El Ejecutivo municipal decidi\u00f3 extender el aislamiento social obligatorio y mantener la localidad en Fase 1 hasta el pr\u00f3ximo domingo 19 de julio<\/strong><\/em><\/p>\n<p>&nbsp;<\/p>\n<p>Desde la Municipalidad de Santa Ana se inform\u00f3 \u00a0que \u00abla nueva etapa entr\u00f3 en vigencia desde las 0 horas del lunes 13 hasta las 24 horas del domingo 19 de Julio\u00bb.<\/p>\n<p>Asimismo, se\u00f1alaron que \u00abdurante este per\u00edodo, el Municipio mantendr\u00e1 los servicios b\u00e1sicos. Adem\u00e1s estar\u00e1 abierto el puesto de Entre R\u00edos Servicios, Rentas y Tesorer\u00eda municipal para el cobro de Tasas, Impuestos y servicios de 7 a 12 horas. La atenci\u00f3n se realizar\u00e1 manteniendo el distanciamiento social y el cumplimiento las medidas de bioseguridad ya conocidas\u00bb.<\/p>\n<p>\u00abRecomendamos a mayores de 60 a\u00f1os y a quienes pertenezcan a grupos de riesgo o que tengan indicaci\u00f3n de aislamiento no concurrir. Para ello, la Municipalidad y C\u00e1ritas Parroquial habilitar\u00e1n servicios gratuitos de mandados para agilizar los tr\u00e1mites\u00bb, indicaron desde la comuna.<\/p>\n<p>Vale recordar que el pasado 28 de junio, cuando Santa Ana hab\u00eda alcanzado los 50 casos de Covid-19, el Municipio hab\u00eda decidido extender el aislamiento social obligatorio hasta este 12 de julio.<\/p>\n<p>En ese sentido, hay que se\u00f1alar que la extensi\u00f3n de la medida en la peque\u00f1a localidad situada a la veda del lago de Salto Grande se da en el marco de los nuevos casos positivos de coronavirus confirmados este domingo en Chajar\u00ed y Villa del Rosario -\u00e9sta \u00faltima ciudad volver\u00e1 a Fase 1 desde la 0 horas de este lunes-, y teniendo en cuenta que Santa Ana actualmente cuenta con un total de 64 casos (50 activos).<\/p>\n","protected":false},"excerpt":{"rendered":"<p>El Ejecutivo municipal decidi\u00f3 extender el aislamiento social obligatorio y mantener la localidad en Fase 1 hasta el pr\u00f3ximo domingo 19 de julio &nbsp; Desde la Municipalidad de Santa Ana se inform\u00f3 \u00a0que \u00abla nueva etapa entr\u00f3 en vigencia desde las 0 horas del lunes 13 hasta las 24 horas del domingo 19 de Julio\u00bb. Asimismo, se\u00f1alaron que \u00abdurante este per\u00edodo, el Municipio mantendr\u00e1 los servicios b\u00e1sicos. Adem\u00e1s estar\u00e1 abierto el puesto de Entre R\u00edos Servicios, Rentas y Tesorer\u00eda municipal para el cobro de Tasas, Impuestos y servicios de 7&#8230;<\/p>\n","protected":false},"author":3,"featured_media":63504,"comment_status":"closed","ping_status":"closed","sticky":false,"template":"","format":"standard","meta":[],"categories":[15],"tags":[],"_links":{"self":[{"href":"https:\/\/www.actualidadadiario.com\/index.php\/wp-json\/wp\/v2\/posts\/64024"}],"collection":[{"href":"https:\/\/www.actualidadadiario.com\/index.php\/wp-json\/wp\/v2\/posts"}],"about":[{"href":"https:\/\/www.actualidadadiario.com\/index.php\/wp-json\/wp\/v2\/types\/post"}],"author":[{"embeddable":true,"href":"https:\/\/www.actualidadadiario.com\/index.php\/wp-json\/wp\/v2\/users\/3"}],"replies":[{"embeddable":true,"href":"https:\/\/www.actualidadadiario.com\/index.php\/wp-json\/wp\/v2\/comments?post=64024"}],"version-history":[{"count":1,"href":"https:\/\/www.actualidadadiario.com\/index.php\/wp-json\/wp\/v2\/posts\/64024\/revisions"}],"predecessor-version":[{"id":64025,"href":"https:\/\/www.actualidadadiario.com\/index.php\/wp-json\/wp\/v2\/posts\/64024\/revisions\/64025"}],"wp:featuredmedia":[{"embeddable":true,"href":"https:\/\/www.actualidadadiario.com\/index.php\/wp-json\/wp\/v2\/media\/63504"}],"wp:attachment":[{"href":"https:\/\/www.actualidadadiario.com\/index.php\/wp-json\/wp\/v2\/media?parent=64024"}],"wp:term":[{"taxonomy":"category","embeddable":true,"href":"https:\/\/www.actualidadadiario.com\/index.php\/wp-json\/wp\/v2\/categories?post=64024"},{"taxonomy":"post_tag","embeddable":true,"href":"https:\/\/www.actualidadadiario.com\/index.php\/wp-json\/wp\/v2\/tags?post=64024"}],"curies":[{"name":"wp","href":"https:\/\/api.w.org\/{rel}","templated":true}]}}