{"id":64022,"date":"2020-07-13T12:54:51","date_gmt":"2020-07-13T15:54:51","guid":{"rendered":"https:\/\/www.actualidadadiario.com\/?p=64022"},"modified":"2020-07-30T16:03:49","modified_gmt":"2020-07-30T19:03:49","slug":"villa-del-rosario-volvio-a-fase-1-desde-este-lunes","status":"publish","type":"post","link":"https:\/\/www.actualidadadiario.com\/index.php\/2020\/07\/13\/villa-del-rosario-volvio-a-fase-1-desde-este-lunes\/","title":{"rendered":"Villa del Rosario volvi\u00f3 a Fase 1 desde este lunes"},"content":{"rendered":"<p style=\"text-align: center;\"><em><strong>As\u00ed lo anunci\u00f3 el Ejecutivo de dicha localidad del norte entrerriano, ante el aumento de casos registrados que por estas horas ya asciende a diez<\/strong><\/em><\/p>\n<p>&nbsp;<\/p>\n<p>&nbsp;<\/p>\n<p>En las \u00faltimas horas y tras los reportes epidemiol\u00f3gicos que marcan una curva en acenso de casos de positivos de Covid-19, el Ejecutivo municipal de la localidad de Villa del Rosario por recomendaciones del Comit\u00e9 de Emergencia Sanitaria (COES) de la provincia, tom\u00f3 la determinaci\u00f3n de volver a Fase 1.<\/p>\n<p>La medida comenz\u00f3 a regir desde las 0 horas de este lunes 13 de julio y se extender\u00e1 hasta el mi\u00e9rcoles 22 del mismo mes, inclusive.<\/p>\n<p>De esta manera, desde el municipio de Villa del Rosario aclararon que \u201csolo podr\u00e1n dar continuidad a su trabajo todas aquellas actividades dispuestas en el art. 6\u00b0 del Decreto Nacional N\u00b0297\/20, consideradas actividades esenciales\u201d.<\/p>\n<p>Y agregaron \u201cpronto retomaremos las actividades en esta &#8220;nueva normalidad&#8221; que nos toca por la pandemia de Covid-19. Gracias por la comprensi\u00f3n. Nos cuidamos entre todos\u201d.<\/p>\n<p>Cabe recordar que en las \u00faltimas horas se confirmaron cuatro nuevos casos en dicha ciudad, cuya densidad poblacional es peque\u00f1a y ya suman un total de diez casos positivos de coronavirus.<\/p>\n","protected":false},"excerpt":{"rendered":"<p>As\u00ed lo anunci\u00f3 el Ejecutivo de dicha localidad del norte entrerriano, ante el aumento de casos registrados que por estas horas ya asciende a diez &nbsp; &nbsp; En las \u00faltimas horas y tras los reportes epidemiol\u00f3gicos que marcan una curva en acenso de casos de positivos de Covid-19, el Ejecutivo municipal de la localidad de Villa del Rosario por recomendaciones del Comit\u00e9 de Emergencia Sanitaria (COES) de la provincia, tom\u00f3 la determinaci\u00f3n de volver a Fase 1. La medida comenz\u00f3 a regir desde las 0 horas de este lunes 13&#8230;<\/p>\n","protected":false},"author":3,"featured_media":62798,"comment_status":"closed","ping_status":"closed","sticky":false,"template":"","format":"standard","meta":[],"categories":[15],"tags":[],"_links":{"self":[{"href":"https:\/\/www.actualidadadiario.com\/index.php\/wp-json\/wp\/v2\/posts\/64022"}],"collection":[{"href":"https:\/\/www.actualidadadiario.com\/index.php\/wp-json\/wp\/v2\/posts"}],"about":[{"href":"https:\/\/www.actualidadadiario.com\/index.php\/wp-json\/wp\/v2\/types\/post"}],"author":[{"embeddable":true,"href":"https:\/\/www.actualidadadiario.com\/index.php\/wp-json\/wp\/v2\/users\/3"}],"replies":[{"embeddable":true,"href":"https:\/\/www.actualidadadiario.com\/index.php\/wp-json\/wp\/v2\/comments?post=64022"}],"version-history":[{"count":1,"href":"https:\/\/www.actualidadadiario.com\/index.php\/wp-json\/wp\/v2\/posts\/64022\/revisions"}],"predecessor-version":[{"id":64023,"href":"https:\/\/www.actualidadadiario.com\/index.php\/wp-json\/wp\/v2\/posts\/64022\/revisions\/64023"}],"wp:featuredmedia":[{"embeddable":true,"href":"https:\/\/www.actualidadadiario.com\/index.php\/wp-json\/wp\/v2\/media\/62798"}],"wp:attachment":[{"href":"https:\/\/www.actualidadadiario.com\/index.php\/wp-json\/wp\/v2\/media?parent=64022"}],"wp:term":[{"taxonomy":"category","embeddable":true,"href":"https:\/\/www.actualidadadiario.com\/index.php\/wp-json\/wp\/v2\/categories?post=64022"},{"taxonomy":"post_tag","embeddable":true,"href":"https:\/\/www.actualidadadiario.com\/index.php\/wp-json\/wp\/v2\/tags?post=64022"}],"curies":[{"name":"wp","href":"https:\/\/api.w.org\/{rel}","templated":true}]}}