{"id":64001,"date":"2020-07-10T14:15:33","date_gmt":"2020-07-10T17:15:33","guid":{"rendered":"https:\/\/www.actualidadadiario.com\/?p=64001"},"modified":"2020-07-30T16:03:50","modified_gmt":"2020-07-30T19:03:50","slug":"la-onu-estimo-que-el-pbi-de-la-region-caera-9-este-ano-la-mayor-baja-en-un-siglo","status":"publish","type":"post","link":"https:\/\/www.actualidadadiario.com\/index.php\/2020\/07\/10\/la-onu-estimo-que-el-pbi-de-la-region-caera-9-este-ano-la-mayor-baja-en-un-siglo\/","title":{"rendered":"La ONU estim\u00f3 que el PBI de la regi\u00f3n caer\u00e1 9% este a\u00f1o, la mayor baja en un siglo"},"content":{"rendered":"<p style=\"text-align: center;\"><em><strong>El secretario general de la ONU, Antonio Guterres, consider\u00f3 que &#8220;las personas m\u00e1s vulnerables son una vez m\u00e1s las m\u00e1s afectadas&#8221;. La tasa de pobreza subir\u00e1 un 7% este a\u00f1o<\/strong><\/em><\/p>\n<p>&nbsp;<\/p>\n<p>&nbsp;<\/p>\n<p>El Producto Bruto Interno de Am\u00e9rica Latina y el Caribe caer\u00e1 un 9,1% durante este a\u00f1o, la mayor baja en un siglo, y que la tasa de pobreza subir\u00e1 un 7%, debido a la pandemia de Coronavirus, estim\u00f3 este jueves la Organizaci\u00f3n de las Naciones Unidas (ONU).<\/p>\n<p>En este contexto, unos 45 millones de personas caer\u00e1n de la clase media a la pobreza en Am\u00e9rica Latina y el Caribe, la regi\u00f3n m\u00e1s desigual del mundo, alert\u00f3 el secretario general de la ONU, Antonio Guterres.<\/p>\n<p>&#8220;En un contexto en el que ya existen enormes desigualdades, niveles elevados de trabajo informal y servicios de salud fragmentados, las poblaciones y las personas m\u00e1s vulnerables son una vez m\u00e1s las m\u00e1s afectadas&#8221;, dijo Guterres en un mensaje de video, al difundir un informe que detalla los efectos devastadores del virus en la regi\u00f3n.<\/p>\n<p>Epicentro de la pandemia, Am\u00e9rica Latina y el Caribe registran ya m\u00e1s de tres millones de casos confirmados y m\u00e1s de 140.000 muertos, sobre todo en Brasil, M\u00e9xico, Per\u00fa y Chile.<\/p>\n<p>La organizaci\u00f3n anticipa a ra\u00edz de la pandemia la tasa de pobreza subir\u00e1 un 7% en 2020, un aumento de 45 millones de personas, con lo cual la cifra total de pobreza y extrema pobreza en la regi\u00f3n aumentar\u00e1 a 230 millones (37,2% de la poblaci\u00f3n).<\/p>\n<p>La organizaci\u00f3n estima que la extrema pobreza crecer\u00e1 4,5%, unos 28 millones de personas, para afectar en total a 96 millones (15,5% de la poblaci\u00f3n) que est\u00e1n &#8220;en riesgo de hambre&#8221;, dijo a periodistas la mexicana Alicia B\u00e1rcena, secretaria ejecutiva de la Comisi\u00f3n Econ\u00f3mica de la ONU para Am\u00e9rica Latina y el Caribe (CEPAL).<\/p>\n<p>La pobreza crece, en parte, debido a la aguda crisis econ\u00f3mica provocada por la disparada del desempleo a ra\u00edz del frenazo de la econom\u00eda por la enfermedad covid-19.<\/p>\n<p>El 80% de la poblaci\u00f3n de la regi\u00f3n vive en ciudades, millones de ellos hacinados, sin acceso a agua potable y servicios de salud.<\/p>\n<p>La ONU cree que el desempleo aumentar\u00e1 de 8,1% el a\u00f1o pasado a 13,5%, con lo cual la regi\u00f3n pasar\u00eda a tener este a\u00f1o m\u00e1s de 44 millones de desempleados, unos 18 millones m\u00e1s que en 2019.<\/p>\n<p>Mujeres, ind\u00edgenas, negros, inmigrantes y refugiados se ven afectados de manera desproporcionada por la pandemia, seg\u00fan la ONU.<\/p>\n<p>Pero tambi\u00e9n sufren a ra\u00edz de la &#8220;brecha digital&#8221; los 170 millones de ni\u00f1os y adolescentes de la regi\u00f3n cuyas escuelas han cerrado y no tienen un acceso total a internet, asever\u00f3 B\u00e1rcena.<\/p>\n<p>A ra\u00edz de la pandemia, la brecha entre ricos y pobres se agrietar\u00e1 a\u00fan m\u00e1s, sobre todo en los pa\u00edses m\u00e1s grandes, Brasil y M\u00e9xico, se\u00f1al\u00f3.<\/p>\n<p>Para Guterres, los niveles de desigualdad son &#8220;insostenibles&#8221;. &#8220;Para reconstruir mejor es necesario transformar el modelo de desarrollo de Am\u00e9rica Latina y el Caribe&#8221;, dijo el jefe de la ONU.<\/p>\n<p>&#8220;Esto implica crear sistemas tributarios m\u00e1s justos, promover la creaci\u00f3n de empleos decentes, fortalecer la sostenibilidad ambiental y reforzar los mecanismos de protecci\u00f3n social&#8221;, explic\u00f3.<\/p>\n<p>Las exportaciones latinoamericanas y caribe\u00f1as caer\u00e1n un 20%, lo mismo que la llegada de remesas de inmigrantes que trabajan en el exterior, seg\u00fan la ONU.<\/p>\n<p>&#8220;En el caso de Am\u00e9rica Latina y el Caribe, la comunidad internacional debe proveer liquidez, asistencia financiera y medidas de alivio de la deuda&#8221;, sostuvo Guterres.<\/p>\n<p>El informe exhorta a los gobiernos a hacer m\u00e1s para reducir la pobreza, la inseguridad alimentaria y la malnutrici\u00f3n, por ejemplo a trav\u00e9s del otorgamiento de un ingreso b\u00e1sico para situaciones de emergencia y ayudas contra el hambre que equivalgan a la l\u00ednea nacional de pobreza.<\/p>\n<p>En la regi\u00f3n esto implica un promedio de 140 d\u00f3lares por mes por persona. La ONU estima que el costo de estos pagos para los pobres durante seis meses representar\u00eda un 1,9% del PIB regional.<\/p>\n","protected":false},"excerpt":{"rendered":"<p>El secretario general de la ONU, Antonio Guterres, consider\u00f3 que &#8220;las personas m\u00e1s vulnerables son una vez m\u00e1s las m\u00e1s afectadas&#8221;. La tasa de pobreza subir\u00e1 un 7% este a\u00f1o &nbsp; &nbsp; El Producto Bruto Interno de Am\u00e9rica Latina y el Caribe caer\u00e1 un 9,1% durante este a\u00f1o, la mayor baja en un siglo, y que la tasa de pobreza subir\u00e1 un 7%, debido a la pandemia de Coronavirus, estim\u00f3 este jueves la Organizaci\u00f3n de las Naciones Unidas (ONU). En este contexto, unos 45 millones de personas caer\u00e1n de la&#8230;<\/p>\n","protected":false},"author":3,"featured_media":64002,"comment_status":"closed","ping_status":"closed","sticky":false,"template":"","format":"standard","meta":[],"categories":[4],"tags":[],"_links":{"self":[{"href":"https:\/\/www.actualidadadiario.com\/index.php\/wp-json\/wp\/v2\/posts\/64001"}],"collection":[{"href":"https:\/\/www.actualidadadiario.com\/index.php\/wp-json\/wp\/v2\/posts"}],"about":[{"href":"https:\/\/www.actualidadadiario.com\/index.php\/wp-json\/wp\/v2\/types\/post"}],"author":[{"embeddable":true,"href":"https:\/\/www.actualidadadiario.com\/index.php\/wp-json\/wp\/v2\/users\/3"}],"replies":[{"embeddable":true,"href":"https:\/\/www.actualidadadiario.com\/index.php\/wp-json\/wp\/v2\/comments?post=64001"}],"version-history":[{"count":2,"href":"https:\/\/www.actualidadadiario.com\/index.php\/wp-json\/wp\/v2\/posts\/64001\/revisions"}],"predecessor-version":[{"id":64004,"href":"https:\/\/www.actualidadadiario.com\/index.php\/wp-json\/wp\/v2\/posts\/64001\/revisions\/64004"}],"wp:featuredmedia":[{"embeddable":true,"href":"https:\/\/www.actualidadadiario.com\/index.php\/wp-json\/wp\/v2\/media\/64002"}],"wp:attachment":[{"href":"https:\/\/www.actualidadadiario.com\/index.php\/wp-json\/wp\/v2\/media?parent=64001"}],"wp:term":[{"taxonomy":"category","embeddable":true,"href":"https:\/\/www.actualidadadiario.com\/index.php\/wp-json\/wp\/v2\/categories?post=64001"},{"taxonomy":"post_tag","embeddable":true,"href":"https:\/\/www.actualidadadiario.com\/index.php\/wp-json\/wp\/v2\/tags?post=64001"}],"curies":[{"name":"wp","href":"https:\/\/api.w.org\/{rel}","templated":true}]}}