{"id":63998,"date":"2020-07-10T14:14:42","date_gmt":"2020-07-10T17:14:42","guid":{"rendered":"https:\/\/www.actualidadadiario.com\/?p=63998"},"modified":"2020-07-30T16:03:58","modified_gmt":"2020-07-30T19:03:58","slug":"alberto-debatira-con-el-grupo-de-puebla-sobre-la-agenda-para-superar-la-pandemia","status":"publish","type":"post","link":"https:\/\/www.actualidadadiario.com\/index.php\/2020\/07\/10\/alberto-debatira-con-el-grupo-de-puebla-sobre-la-agenda-para-superar-la-pandemia\/","title":{"rendered":"Alberto debatir\u00e1 con el Grupo de Puebla sobre la agenda para superar la pandemia"},"content":{"rendered":"<p style=\"text-align: center;\"><em><strong>El encuentro buscar\u00e1 abordar los desaf\u00edos del progresismo para sobrellevar &#8220;la crisis de la pandemia de coronavirus&#8221;<\/strong><\/em><\/p>\n<p>&nbsp;<\/p>\n<p>&nbsp;<\/p>\n<p>&nbsp;<\/p>\n<p>El presidente Alberto Fern\u00e1ndez participar\u00e1 esta tarde de una reuni\u00f3n virtual del Grupo de Puebla, que en el marco de su primer aniversario debatir\u00e1 una &#8220;agenda progresista para superar la crisis de la pandemia&#8221; de coronavirus.<\/p>\n<p>El jefe de Estado ser\u00e1 parte del encuentro que comenzar\u00e1 a las 14:00 y que contar\u00e1 con la presencia de ex presidentes iberoamericanos, como la brasile\u00f1a Dilma Rousseff, el uruguayo Jos\u00e9 &#8220;Pepe&#8221; Mujica, el boliviano Evo Morales, el ecuatoriano Rafael Correa y el espa\u00f1ol Jos\u00e9 Luis Rodr\u00edguez Zapatero.<\/p>\n<p>Adem\u00e1s de celebrar el primer aniversario del espacio del progresismo latinoamericano, el objetivo de la reuni\u00f3n virtual ser\u00e1 &#8220;debatir la agenda progresista para superar la crisis de la pandemia de COVID-19&#8221;<\/p>\n","protected":false},"excerpt":{"rendered":"<p>El encuentro buscar\u00e1 abordar los desaf\u00edos del progresismo para sobrellevar &#8220;la crisis de la pandemia de coronavirus&#8221; &nbsp; &nbsp; &nbsp; El presidente Alberto Fern\u00e1ndez participar\u00e1 esta tarde de una reuni\u00f3n virtual del Grupo de Puebla, que en el marco de su primer aniversario debatir\u00e1 una &#8220;agenda progresista para superar la crisis de la pandemia&#8221; de coronavirus. El jefe de Estado ser\u00e1 parte del encuentro que comenzar\u00e1 a las 14:00 y que contar\u00e1 con la presencia de ex presidentes iberoamericanos, como la brasile\u00f1a Dilma Rousseff, el uruguayo Jos\u00e9 &#8220;Pepe&#8221; Mujica, el&#8230;<\/p>\n","protected":false},"author":3,"featured_media":63999,"comment_status":"closed","ping_status":"closed","sticky":false,"template":"","format":"standard","meta":[],"categories":[18],"tags":[],"_links":{"self":[{"href":"https:\/\/www.actualidadadiario.com\/index.php\/wp-json\/wp\/v2\/posts\/63998"}],"collection":[{"href":"https:\/\/www.actualidadadiario.com\/index.php\/wp-json\/wp\/v2\/posts"}],"about":[{"href":"https:\/\/www.actualidadadiario.com\/index.php\/wp-json\/wp\/v2\/types\/post"}],"author":[{"embeddable":true,"href":"https:\/\/www.actualidadadiario.com\/index.php\/wp-json\/wp\/v2\/users\/3"}],"replies":[{"embeddable":true,"href":"https:\/\/www.actualidadadiario.com\/index.php\/wp-json\/wp\/v2\/comments?post=63998"}],"version-history":[{"count":1,"href":"https:\/\/www.actualidadadiario.com\/index.php\/wp-json\/wp\/v2\/posts\/63998\/revisions"}],"predecessor-version":[{"id":64000,"href":"https:\/\/www.actualidadadiario.com\/index.php\/wp-json\/wp\/v2\/posts\/63998\/revisions\/64000"}],"wp:featuredmedia":[{"embeddable":true,"href":"https:\/\/www.actualidadadiario.com\/index.php\/wp-json\/wp\/v2\/media\/63999"}],"wp:attachment":[{"href":"https:\/\/www.actualidadadiario.com\/index.php\/wp-json\/wp\/v2\/media?parent=63998"}],"wp:term":[{"taxonomy":"category","embeddable":true,"href":"https:\/\/www.actualidadadiario.com\/index.php\/wp-json\/wp\/v2\/categories?post=63998"},{"taxonomy":"post_tag","embeddable":true,"href":"https:\/\/www.actualidadadiario.com\/index.php\/wp-json\/wp\/v2\/tags?post=63998"}],"curies":[{"name":"wp","href":"https:\/\/api.w.org\/{rel}","templated":true}]}}