{"id":63996,"date":"2020-07-10T14:13:36","date_gmt":"2020-07-10T17:13:36","guid":{"rendered":"https:\/\/www.actualidadadiario.com\/?p=63996"},"modified":"2020-07-30T16:03:58","modified_gmt":"2020-07-30T19:03:58","slug":"tras-las-agresiones-en-la-marcha-del-9j-cafiero-llamo-a-desarmar-el-discurso-del-odio","status":"publish","type":"post","link":"https:\/\/www.actualidadadiario.com\/index.php\/2020\/07\/10\/tras-las-agresiones-en-la-marcha-del-9j-cafiero-llamo-a-desarmar-el-discurso-del-odio\/","title":{"rendered":"Tras las agresiones en la marcha del 9J, Cafiero llam\u00f3 a &#8220;desarmar el discurso del odio&#8221;"},"content":{"rendered":"<p style=\"text-align: center;\"><em><strong>El jefe de Gabinete repudi\u00f3 los incidentes y asegur\u00f3 que &#8220;no contribuye para nada a la democracia&#8221;<\/strong><\/em><\/p>\n<p>&nbsp;<\/p>\n<p>&nbsp;<\/p>\n<p>&nbsp;<\/p>\n<p>El jefe de Gabinete, Santiago Cafiero, inst\u00f3 a &#8220;desarmar el discurso del odio&#8221;, tras los incidentes y agresiones a periodistas registrados este jueves en la marcha anticuarentena del 9J.<\/p>\n<p>&#8220;Si se busca instalar un discurso de odio, hay que ir desarm\u00e1ndolo, porque si no sucede lo de ayer&#8221;, advirti\u00f3 el funcionario el d\u00eda despu\u00e9s de las agresiones al m\u00f3vil de C5N durante la convocatoria, que tuvo su epicentro en el obelisco porte\u00f1o.<\/p>\n<p>&#8220;Desde lo pol\u00edtico, vimos lo que hab\u00eda anticipado el Presidente (Alberto Fern\u00e1ndez): si se busca instalar un discurso de odio, hay que ir desarm\u00e1ndolo porque, si no, sucede lo de ayer, se agrede al que piensa distinto&#8221;, remarc\u00f3 Cafiero en di\u00e1logo con Radio Con Vos.<\/p>\n<p>Sobre las agresiones a periodistas que se encontraban cubriendo la manifestaci\u00f3n, el funcionario las catalog\u00f3 de &#8220;repudiable&#8221; y que &#8220;no contribuye para nada a la democracia, a las instituciones y a la reconstrucci\u00f3n del pa\u00eds cuando pase la pandemia&#8221;.<\/p>\n<p>&#8220;Hay que tratar de encontrar otro mecanismo para manifestar las preocupaciones, angustias o reclamos que no sea poni\u00e9ndose en riesgo ellos y a terceros&#8221;, remarc\u00f3 el jefe de Gabinete.<\/p>\n<p>&#8220;Se entienden los reclamos y las necesidades que van surgiendo, algunas atendibles, otras m\u00e1s difusas, pero hay que tener en cuenta la situaci\u00f3n epidemiol\u00f3gica. El sistema de salud est\u00e1 haciendo un esfuerzo muy grande en el cuidado personal y familiar&#8221;, repas\u00f3 Cafiero en relaci\u00f3n al estad\u00edo de la pandemia en el pa\u00eds.<\/p>\n<p>En este sentido, explic\u00f3 la diferencia entre los reclamos &#8220;aceptables&#8221; y las consignas de protesta que &#8220;a\u00fan no consiguen entender&#8221;.<\/p>\n<p>&#8220;La pandemia nos hizo tomar medidas de cuidado y de cuidado de econ\u00f3mico. El IFE (Ingreso Familiar de Emergencia) seguramente sea insuficiente, pero gracias esas 10 lucas evitamos que millones de personas no caigan en la indigencia. El coronavirus hizo estragos en la econom\u00eda&#8221;, subray\u00f3.<\/p>\n<p>Cafiero reconoci\u00f3 que &#8220;muchos de los reclamos tienen que ver con la econom\u00eda&#8221; pero remarc\u00f3 que el actual &#8220;es un gobierno que escucha&#8221; y que en la manifestaci\u00f3n de ayer &#8220;hubo cuestiones m\u00e1s dif\u00edciles de decodificar&#8221;, como &#8220;cu\u00e1l es la demanda cuando se habla de dictadura&#8221;. &#8220;Ah\u00ed nos cuesta interpretar&#8221;, lanz\u00f3.<\/p>\n<p>Sobre los planes pospandemia, Cafiero revel\u00f3 que &#8220;desde hace semanas el Gobierno trabaja con todas las \u00e1reas para reactivar la econom\u00eda y decretar pol\u00edticas p\u00fablicas que vayan en esa direcci\u00f3n&#8221;.<\/p>\n<p>&#8220;No abandonamos la idea que los argentinos votaron, este cambio de prioridades, avanzar en un modelo de desarrollo productivo. Vamos a salir adelante, con el modelo que nos hab\u00edamos comprometido a instaurar&#8221;, enfatiz\u00f3.<\/p>\n","protected":false},"excerpt":{"rendered":"<p>El jefe de Gabinete repudi\u00f3 los incidentes y asegur\u00f3 que &#8220;no contribuye para nada a la democracia&#8221; &nbsp; &nbsp; &nbsp; El jefe de Gabinete, Santiago Cafiero, inst\u00f3 a &#8220;desarmar el discurso del odio&#8221;, tras los incidentes y agresiones a periodistas registrados este jueves en la marcha anticuarentena del 9J. &#8220;Si se busca instalar un discurso de odio, hay que ir desarm\u00e1ndolo, porque si no sucede lo de ayer&#8221;, advirti\u00f3 el funcionario el d\u00eda despu\u00e9s de las agresiones al m\u00f3vil de C5N durante la convocatoria, que tuvo su epicentro en el&#8230;<\/p>\n","protected":false},"author":3,"featured_media":62290,"comment_status":"closed","ping_status":"closed","sticky":false,"template":"","format":"standard","meta":[],"categories":[18],"tags":[],"_links":{"self":[{"href":"https:\/\/www.actualidadadiario.com\/index.php\/wp-json\/wp\/v2\/posts\/63996"}],"collection":[{"href":"https:\/\/www.actualidadadiario.com\/index.php\/wp-json\/wp\/v2\/posts"}],"about":[{"href":"https:\/\/www.actualidadadiario.com\/index.php\/wp-json\/wp\/v2\/types\/post"}],"author":[{"embeddable":true,"href":"https:\/\/www.actualidadadiario.com\/index.php\/wp-json\/wp\/v2\/users\/3"}],"replies":[{"embeddable":true,"href":"https:\/\/www.actualidadadiario.com\/index.php\/wp-json\/wp\/v2\/comments?post=63996"}],"version-history":[{"count":1,"href":"https:\/\/www.actualidadadiario.com\/index.php\/wp-json\/wp\/v2\/posts\/63996\/revisions"}],"predecessor-version":[{"id":63997,"href":"https:\/\/www.actualidadadiario.com\/index.php\/wp-json\/wp\/v2\/posts\/63996\/revisions\/63997"}],"wp:featuredmedia":[{"embeddable":true,"href":"https:\/\/www.actualidadadiario.com\/index.php\/wp-json\/wp\/v2\/media\/62290"}],"wp:attachment":[{"href":"https:\/\/www.actualidadadiario.com\/index.php\/wp-json\/wp\/v2\/media?parent=63996"}],"wp:term":[{"taxonomy":"category","embeddable":true,"href":"https:\/\/www.actualidadadiario.com\/index.php\/wp-json\/wp\/v2\/categories?post=63996"},{"taxonomy":"post_tag","embeddable":true,"href":"https:\/\/www.actualidadadiario.com\/index.php\/wp-json\/wp\/v2\/tags?post=63996"}],"curies":[{"name":"wp","href":"https:\/\/api.w.org\/{rel}","templated":true}]}}