{"id":63990,"date":"2020-07-10T14:12:01","date_gmt":"2020-07-10T17:12:01","guid":{"rendered":"https:\/\/www.actualidadadiario.com\/?p=63990"},"modified":"2020-07-30T16:03:58","modified_gmt":"2020-07-30T19:03:58","slug":"el-infectologo-mas-respetado-del-gobierno-anuncio-cuando-llega-el-pico-de-contagios","status":"publish","type":"post","link":"https:\/\/www.actualidadadiario.com\/index.php\/2020\/07\/10\/el-infectologo-mas-respetado-del-gobierno-anuncio-cuando-llega-el-pico-de-contagios\/","title":{"rendered":"El infect\u00f3logo m\u00e1s respetado del Gobierno anunci\u00f3 cu\u00e1ndo llega el pico de contagios"},"content":{"rendered":"<p style=\"text-align: center;\"><em><strong>Eduardo L\u00f3pez, miembro del equipo de asesores del presidente ante la pandemia, evalu\u00f3 que julio ser\u00e1 &#8220;el mes bisagra&#8221; y estim\u00f3 &#8220;un aumento de casos&#8221;<\/strong><\/em><\/p>\n<p>&nbsp;<\/p>\n<p>&nbsp;<\/p>\n<p>Eduardo L\u00f3pez, uno de los infect\u00f3logos m\u00e1s respetados por el Gobierno de la Naci\u00f3n y que forma parte del grupo de profesionales asesores ante el coronavirus Covid-19, anunci\u00f3 que el pico de contagios en la pandemia se dar\u00e1 a mediados de julio, mes que ser\u00e1 &#8220;bisagra&#8221; en cuanto a la cantidad de camas de terapia intensiva que ser\u00e1n ocupadas por infectados.<\/p>\n<p>En di\u00e1logo con el programa Salvemos Kamchatka, de FM La Patriada, el especialista alert\u00f3 que la ocupaci\u00f3n actual se encuentra en &#8220;un 60%&#8221; y que, dada la evoluci\u00f3n epidemiol\u00f3gica del nuevo virus, el punto m\u00e1ximo de contagios estar\u00e1 \u201chacia la segunda quincena de julio, el 15 o 16\u201d.<\/p>\n<p>Frente a este futuro contexto, el jefe del Departamento de Medicina del hospital de ni\u00f1os Ricardo Guti\u00e9rrez advirti\u00f3 que &#8220;lo m\u00e1s preocupante son los geri\u00e1tricos, porque la mayor\u00eda de estos adultos mayores van a terapia intensiva\u201d, e insisti\u00f3 en que \u201chay que trabajar muy fuerte para que se cumplan los protocolos en los geri\u00e1tricos\u201d.<\/p>\n<p>&#8220;Los picos de los pa\u00edses en que ocurrieron no bajan de un d\u00eda para otro, demoran entre 7 u 8 d\u00edas. No s\u00e9 qu\u00e9 va a pasar despu\u00e9s del 17. Va a depender de cuanto se sature el sistema\u201d, subray\u00f3.<\/p>\n<p>Al respecto, consider\u00f3 que \u201cel AMBA hay que tomarlo como un todo\u201d, aunque advirti\u00f3 que \u201calgunos datos puntuales podr\u00edan flexibilizarse. No creo que abrir un negocio en Villa Devoto impacte en el conurbano\u201d.<\/p>\n<p>Consultado sobre el crecimiento en el n\u00famero de fallecimientos, opin\u00f3 que \u201clas muertes tienen un mecanismo totalmente diferentes. La muerte de hoy, es una arrastre de 20 d\u00edas antes, son individuos que llevan muchos d\u00edas en terapia\u201d.<\/p>\n<p>A su vez, declar\u00f3 que \u201ctoda muerte es una cat\u00e1strofe. Si en 10 d\u00edas ese n\u00famero es sostenido, ya es alarmante\u201d. Sin embargo, asever\u00f3 que \u201cla tasa de letalidad en Argentina es baja respecto del resto del mundo\u201d.<\/p>\n<p>Por \u00faltimo, se\u00f1al\u00f3 que \u201cel trabajo de todo el equipo de salud es fenomenal. En el AMBA se est\u00e1 trabajando a pleno, hay que felicitar a todos los equipos de salud\u201d.<\/p>\n<p>Y concluy\u00f3: \u201ctengo la sensaci\u00f3n de que julio va a ser un mes duro, donde la flexibilizaci\u00f3n va a ser lenta. Y creo que en agosto vamos a empezar a flexibilizar\u201d.<\/p>\n","protected":false},"excerpt":{"rendered":"<p>Eduardo L\u00f3pez, miembro del equipo de asesores del presidente ante la pandemia, evalu\u00f3 que julio ser\u00e1 &#8220;el mes bisagra&#8221; y estim\u00f3 &#8220;un aumento de casos&#8221; &nbsp; &nbsp; Eduardo L\u00f3pez, uno de los infect\u00f3logos m\u00e1s respetados por el Gobierno de la Naci\u00f3n y que forma parte del grupo de profesionales asesores ante el coronavirus Covid-19, anunci\u00f3 que el pico de contagios en la pandemia se dar\u00e1 a mediados de julio, mes que ser\u00e1 &#8220;bisagra&#8221; en cuanto a la cantidad de camas de terapia intensiva que ser\u00e1n ocupadas por infectados. En di\u00e1logo&#8230;<\/p>\n","protected":false},"author":3,"featured_media":63991,"comment_status":"closed","ping_status":"closed","sticky":false,"template":"","format":"standard","meta":[],"categories":[18],"tags":[],"_links":{"self":[{"href":"https:\/\/www.actualidadadiario.com\/index.php\/wp-json\/wp\/v2\/posts\/63990"}],"collection":[{"href":"https:\/\/www.actualidadadiario.com\/index.php\/wp-json\/wp\/v2\/posts"}],"about":[{"href":"https:\/\/www.actualidadadiario.com\/index.php\/wp-json\/wp\/v2\/types\/post"}],"author":[{"embeddable":true,"href":"https:\/\/www.actualidadadiario.com\/index.php\/wp-json\/wp\/v2\/users\/3"}],"replies":[{"embeddable":true,"href":"https:\/\/www.actualidadadiario.com\/index.php\/wp-json\/wp\/v2\/comments?post=63990"}],"version-history":[{"count":1,"href":"https:\/\/www.actualidadadiario.com\/index.php\/wp-json\/wp\/v2\/posts\/63990\/revisions"}],"predecessor-version":[{"id":63992,"href":"https:\/\/www.actualidadadiario.com\/index.php\/wp-json\/wp\/v2\/posts\/63990\/revisions\/63992"}],"wp:featuredmedia":[{"embeddable":true,"href":"https:\/\/www.actualidadadiario.com\/index.php\/wp-json\/wp\/v2\/media\/63991"}],"wp:attachment":[{"href":"https:\/\/www.actualidadadiario.com\/index.php\/wp-json\/wp\/v2\/media?parent=63990"}],"wp:term":[{"taxonomy":"category","embeddable":true,"href":"https:\/\/www.actualidadadiario.com\/index.php\/wp-json\/wp\/v2\/categories?post=63990"},{"taxonomy":"post_tag","embeddable":true,"href":"https:\/\/www.actualidadadiario.com\/index.php\/wp-json\/wp\/v2\/tags?post=63990"}],"curies":[{"name":"wp","href":"https:\/\/api.w.org\/{rel}","templated":true}]}}