{"id":63987,"date":"2020-07-10T14:11:17","date_gmt":"2020-07-10T17:11:17","guid":{"rendered":"https:\/\/www.actualidadadiario.com\/?p=63987"},"modified":"2020-07-30T16:03:58","modified_gmt":"2020-07-30T19:03:58","slug":"quienes-son-los-empresarios-y-sindicalistas-que-acompanaron-a-alberto-en-el-acto-por-el-dia-de-la-independencia","status":"publish","type":"post","link":"https:\/\/www.actualidadadiario.com\/index.php\/2020\/07\/10\/quienes-son-los-empresarios-y-sindicalistas-que-acompanaron-a-alberto-en-el-acto-por-el-dia-de-la-independencia\/","title":{"rendered":"Qui\u00e9nes son los empresarios y sindicalistas que acompa\u00f1aron a Alberto en el acto por el D\u00eda de la Independencia"},"content":{"rendered":"<p style=\"text-align: center;\"><em><strong>En el acto presidido por Fern\u00e1ndez, estuvieron presentes representantes de distintos sectores de la econom\u00eda. Adem\u00e1s, los 23 gobernadores y el jefe de Gobierno porte\u00f1o participaron de manera remota<\/strong><\/em><\/p>\n<p>&nbsp;<\/p>\n<p>&nbsp;<\/p>\n<p>El presidente Alberto Fern\u00e1ndez encabez\u00f3 el acto central por el 204\u00b0 aniversario de la Declaraci\u00f3n de la Independencia junto a gobernadores, los empresarios del Grupo de los 6, la CGT y la c\u00fapula de las fuerzas armadas.<\/p>\n<p>Estuvieron presentes: Miguel Acevedo, presidente de la Uni\u00f3n Industrial Argentina (UIA) y Carolina Castro de la entidad; H\u00e9ctor Daer, secretario general de la CGT; Adelmo Gabbi, titular de Bolsa de Comercio porte\u00f1a; Eduardo Eurnekian de la C\u00e1mara Argentina de Comercio y Servicios (CAC)<\/p>\n<p>Tambi\u00e9n acompa\u00f1aron a Alberto Fern\u00e1ndez Javier Bolzico, de la Asociaci\u00f3n de Bancos Argentinos (ABA), N\u00e9stor Szczech, C\u00e1mara Argentina de la Construcci\u00f3n; y Daniel Pelegrina de la Sociedad Rural Argentina.<\/p>\n<p>Los 23 gobernadores y el jefe de Gobierno porte\u00f1o, Horacio Rodr\u00edguez Larreta participan de forma remota.<\/p>\n<p>Durante el acto, el presidente destac\u00f3 la &#8220;unidad&#8221; entre el Gobierno nacional y los mandatarios provinciales para enfrentar la pandemia de coronavirus, e hizo un llamado a construir la &#8220;Argentina del ma\u00f1ana&#8221; entre todos los sectores, dejando atr\u00e1s el &#8220;odio y las divisiones&#8221;.<\/p>\n<p>&#8220;A siete meses de haber llegado al Gobierno, rescato lo que fuimos capaces de hacer como pa\u00eds: estuvimos asediados por un virus que puso en jaque a nuestros pueblos y todos estuvimos de acuerdo en que hab\u00eda que preservar la salud y la vida de la gente antes que nada&#8221;, sostuvo el mandatario.<\/p>\n<p>En ese marco, Fern\u00e1ndez dijo que vivimos un &#8220;tiempo dif\u00edcil porque le tuvimos que pedir a la gente que se resguarde para, mientras, poner de pie un sistema de salud que estaba muy golpeado y que hoy puede resistir la pandemia&#8221;.<\/p>\n<p>&#8220;Estamos tranquilos porque hicimos lo necesario en cada rinc\u00f3n de la patria, trabajando junto a gobernadores, ministros e intendentes, para que ning\u00fan argentino se quede sin la atenci\u00f3n sanitaria que merece&#8221;, afirm\u00f3.<\/p>\n<p>Con una pantalla detr\u00e1s que mostraba im\u00e1genes de todos los mandatarios desde sus provincias, Fern\u00e1ndez a\u00f1adi\u00f3: &#8220;Promet\u00ed que el Gobierno iba a ser de un Presidente y de 24 gobernadores, que est\u00e1n hoy junto a m\u00ed unidos y trabajando para enfrentar lo que nos toca vivir&#8221;. Luego, nombr\u00f3 y agradeci\u00f3 a cada gobernador.<\/p>\n<p>En otro tramo de su discurso, el Presidente dijo hoy que, &#8220;ante estos tiempos dif\u00edciles, debemos ser como aquellos hombres que tuvieron coraje y no angustia&#8221;, en referencia a la gesta patri\u00f3tica que hoy se conmemora.<\/p>\n<p>&#8220;La Argentina del ma\u00f1ana se construye con todos: los hombres y mujeres de la industria, del campo, del comercio, y las finanzas&#8221;, agreg\u00f3 el mandatario, y tambi\u00e9n agradeci\u00f3 al sindicalismo argentino por &#8220;haber entendido la fragilidad&#8221; en tiempos de pandemia.<\/p>\n<p>Asimismo, sostuvo que el &#8220;odio y la divisi\u00f3n nos posterga y paraliza&#8221;, y afirm\u00f3 que &#8220;ninguna sociedad concreta su destino en medio de insultos, divisiones y teniendo al odio como com\u00fan denominador&#8221;.<\/p>\n<p>&#8220;Vine ac\u00e1 para terminar con los odiadores seriales y abrir los brazos para que nos unamos en busca de ese destino com\u00fan. No vengo a instalar un discurso \u00fanico. Celebro la diversidad&#8221;, dijo Fern\u00e1ndez.<\/p>\n","protected":false},"excerpt":{"rendered":"<p>En el acto presidido por Fern\u00e1ndez, estuvieron presentes representantes de distintos sectores de la econom\u00eda. Adem\u00e1s, los 23 gobernadores y el jefe de Gobierno porte\u00f1o participaron de manera remota &nbsp; &nbsp; El presidente Alberto Fern\u00e1ndez encabez\u00f3 el acto central por el 204\u00b0 aniversario de la Declaraci\u00f3n de la Independencia junto a gobernadores, los empresarios del Grupo de los 6, la CGT y la c\u00fapula de las fuerzas armadas. Estuvieron presentes: Miguel Acevedo, presidente de la Uni\u00f3n Industrial Argentina (UIA) y Carolina Castro de la entidad; H\u00e9ctor Daer, secretario general de&#8230;<\/p>\n","protected":false},"author":3,"featured_media":63988,"comment_status":"closed","ping_status":"closed","sticky":false,"template":"","format":"standard","meta":[],"categories":[18],"tags":[],"_links":{"self":[{"href":"https:\/\/www.actualidadadiario.com\/index.php\/wp-json\/wp\/v2\/posts\/63987"}],"collection":[{"href":"https:\/\/www.actualidadadiario.com\/index.php\/wp-json\/wp\/v2\/posts"}],"about":[{"href":"https:\/\/www.actualidadadiario.com\/index.php\/wp-json\/wp\/v2\/types\/post"}],"author":[{"embeddable":true,"href":"https:\/\/www.actualidadadiario.com\/index.php\/wp-json\/wp\/v2\/users\/3"}],"replies":[{"embeddable":true,"href":"https:\/\/www.actualidadadiario.com\/index.php\/wp-json\/wp\/v2\/comments?post=63987"}],"version-history":[{"count":1,"href":"https:\/\/www.actualidadadiario.com\/index.php\/wp-json\/wp\/v2\/posts\/63987\/revisions"}],"predecessor-version":[{"id":63989,"href":"https:\/\/www.actualidadadiario.com\/index.php\/wp-json\/wp\/v2\/posts\/63987\/revisions\/63989"}],"wp:featuredmedia":[{"embeddable":true,"href":"https:\/\/www.actualidadadiario.com\/index.php\/wp-json\/wp\/v2\/media\/63988"}],"wp:attachment":[{"href":"https:\/\/www.actualidadadiario.com\/index.php\/wp-json\/wp\/v2\/media?parent=63987"}],"wp:term":[{"taxonomy":"category","embeddable":true,"href":"https:\/\/www.actualidadadiario.com\/index.php\/wp-json\/wp\/v2\/categories?post=63987"},{"taxonomy":"post_tag","embeddable":true,"href":"https:\/\/www.actualidadadiario.com\/index.php\/wp-json\/wp\/v2\/tags?post=63987"}],"curies":[{"name":"wp","href":"https:\/\/api.w.org\/{rel}","templated":true}]}}