{"id":63984,"date":"2020-07-10T14:10:27","date_gmt":"2020-07-10T17:10:27","guid":{"rendered":"https:\/\/www.actualidadadiario.com\/?p=63984"},"modified":"2020-07-30T16:03:59","modified_gmt":"2020-07-30T19:03:59","slug":"pichetto-volvio-a-criticar-el-comunicado-de-jxc-y-considero-al-caso-gutierrez-un-crimen-comun","status":"publish","type":"post","link":"https:\/\/www.actualidadadiario.com\/index.php\/2020\/07\/10\/pichetto-volvio-a-criticar-el-comunicado-de-jxc-y-considero-al-caso-gutierrez-un-crimen-comun\/","title":{"rendered":"Pichetto volvi\u00f3 a criticar el comunicado de JxC y consider\u00f3 al caso Guti\u00e9rrez &#8220;un crimen com\u00fan&#8221;"},"content":{"rendered":"<p style=\"text-align: center;\"><em><strong>&#8220;No veo que el caso sea de competencia federal, creo que debe investigarse en Santa Cruz&#8221;, consider\u00f3 el nuevo auditor general de la Naci\u00f3n en declaraciones radiales, remarcando la distancia con la postura de Patricia Bullrich<\/strong><\/em><\/p>\n<p>&nbsp;<\/p>\n<p>&nbsp;<\/p>\n<p>Apenas un d\u00eda despu\u00e9s de haber remarcado que el comunicado de Juntos por el Cambio por el asesinato del exsecretario K Fabi\u00e1n Guti\u00e9rrez &#8220;no fue debatido&#8221;, el auditor general de la Naci\u00f3n Miguel Angel Pichetto volvi\u00f3 a marcar este jueves 9 de julio claras diferencias con la nota que impuls\u00f3 patricia Bullrich en su rol de titular del PRO, puntualizando que &#8220;ese t\u00edtulo fue malo, porque al hablar de gravedad institucional daba a entender que era un crimen de Estado y fue un crimen com\u00fan&#8221;.<\/p>\n<p>&#8220;El hecho tiene una gran repercusi\u00f3n porque fue secretario de la Vicepresidenta y hay mucho movimiento econ\u00f3mico, pero estamos frente a un crimen com\u00fan que tendr\u00e1n que investigar los motivos y las causas&#8221;, insisti\u00f3 Pichetto este jueves, destacando en declaraciones radiales que en el seno de la coalici\u00f3n opositora &#8220;falt\u00f3 una mayor profundizaci\u00f3n del debate&#8221;, pero vaticin\u00f3 que eso &#8220;se corregir\u00e1 en lo inmediato y vamos a construir un marco de participaci\u00f3n y di\u00e1logo frente a cada tema que vaya surgiendo&#8221;.<\/p>\n<p>&#8220;En este tipo de temas siempre actu\u00e9 de la misma manera, como cuando estuve en la oposici\u00f3n del Gobierno de Macri en el caso (de la muerte de Santiago) Maldonado. Nunca cre\u00ed que pod\u00eda ser un crimen perpetrado por Gendarmer\u00eda. Pese a la informaci\u00f3n que giraba en contra desde algunos sectores m\u00e1s radicalizados, mantuve un marco de prudencia a la espera de la evoluci\u00f3n de la causa. La causa tuvo resultados precisos&#8221;, se\u00f1al\u00f3 Pichetto.<\/p>\n<p>El ex candidato a vice de Macri en las elecciones del a\u00f1o pasado consider\u00f3 que &#8220;la Justicia tiene un compromiso y una obligaci\u00f3n de actuar con la mayor transparencia y que no surjan dudas del resultados de la investigaci\u00f3n&#8221;.<\/p>\n<p>Sobre este punto, el de la investigaci\u00f3n en curso, Pichetto volvi\u00f3 a marcar diferencias con los autores del documento de Juntos por el Cambio, en el que se plasm\u00f3 un pedido expl\u00edcito para que la causa pasara al fuero federal al abrir sospechas sobre la imparcialidad de la Justicia santacruce\u00f1a: &#8220;yo no creo que la causa sea de competencia federal. Es una mirada jur\u00eddica que tengo. El hecho surgi\u00f3 dentro de la provincia de Santa Cruz&#8221;, subray\u00f3.<\/p>\n<p>Asimismo, desliz\u00f3 cr\u00edticas solapadas hacia sus aliados de la alianza opositora al sostener que &#8220;hay una agenda judicialista en la Argentina que impregna y divide&#8221;. En otro orden, opin\u00f3 que el ex presidente Mauricio Macri &#8220;no tiene absolutamente ninguna responsabilidad en la causa espionaje&#8221;.<\/p>\n<p>Consultado sobre las acusaciones que recaen sobre Dar\u00edo Nieto, quien entonces se desempe\u00f1aba como secretario privado de la presidencia, a quien le atribuyan el papel de transmitirle los presuntos informes de inteligencia ilegal a Macri, Pichetto le rest\u00f3 importancia. &#8220;Si un Presidente tiene que nutrirse de informaci\u00f3n, no lo hace a trav\u00e9s de su secretario privado ni de la persona que recib\u00eda la correspondencia&#8221;, indic\u00f3. Adem\u00e1s, celebr\u00f3 la reaparici\u00f3n p\u00fablica de Macri en una entrevista que brind\u00f3 al periodista y escritor peruano \u00c1lvaro Vargas Llosa. &#8220;Me parece bien la reaparici\u00f3n de Macri. Dio visiones generales sobre ejes que \u00e9l sostuvo durante la campa\u00f1a electoral, como divisi\u00f3n de poderes, la libertad, el riesgo de la centralidad del Poder Ejecutivo&#8221; durante la pandemia, recalc\u00f3.<\/p>\n","protected":false},"excerpt":{"rendered":"<p>&#8220;No veo que el caso sea de competencia federal, creo que debe investigarse en Santa Cruz&#8221;, consider\u00f3 el nuevo auditor general de la Naci\u00f3n en declaraciones radiales, remarcando la distancia con la postura de Patricia Bullrich &nbsp; &nbsp; Apenas un d\u00eda despu\u00e9s de haber remarcado que el comunicado de Juntos por el Cambio por el asesinato del exsecretario K Fabi\u00e1n Guti\u00e9rrez &#8220;no fue debatido&#8221;, el auditor general de la Naci\u00f3n Miguel Angel Pichetto volvi\u00f3 a marcar este jueves 9 de julio claras diferencias con la nota que impuls\u00f3 patricia Bullrich&#8230;<\/p>\n","protected":false},"author":3,"featured_media":63985,"comment_status":"closed","ping_status":"closed","sticky":false,"template":"","format":"standard","meta":[],"categories":[18],"tags":[],"_links":{"self":[{"href":"https:\/\/www.actualidadadiario.com\/index.php\/wp-json\/wp\/v2\/posts\/63984"}],"collection":[{"href":"https:\/\/www.actualidadadiario.com\/index.php\/wp-json\/wp\/v2\/posts"}],"about":[{"href":"https:\/\/www.actualidadadiario.com\/index.php\/wp-json\/wp\/v2\/types\/post"}],"author":[{"embeddable":true,"href":"https:\/\/www.actualidadadiario.com\/index.php\/wp-json\/wp\/v2\/users\/3"}],"replies":[{"embeddable":true,"href":"https:\/\/www.actualidadadiario.com\/index.php\/wp-json\/wp\/v2\/comments?post=63984"}],"version-history":[{"count":1,"href":"https:\/\/www.actualidadadiario.com\/index.php\/wp-json\/wp\/v2\/posts\/63984\/revisions"}],"predecessor-version":[{"id":63986,"href":"https:\/\/www.actualidadadiario.com\/index.php\/wp-json\/wp\/v2\/posts\/63984\/revisions\/63986"}],"wp:featuredmedia":[{"embeddable":true,"href":"https:\/\/www.actualidadadiario.com\/index.php\/wp-json\/wp\/v2\/media\/63985"}],"wp:attachment":[{"href":"https:\/\/www.actualidadadiario.com\/index.php\/wp-json\/wp\/v2\/media?parent=63984"}],"wp:term":[{"taxonomy":"category","embeddable":true,"href":"https:\/\/www.actualidadadiario.com\/index.php\/wp-json\/wp\/v2\/categories?post=63984"},{"taxonomy":"post_tag","embeddable":true,"href":"https:\/\/www.actualidadadiario.com\/index.php\/wp-json\/wp\/v2\/tags?post=63984"}],"curies":[{"name":"wp","href":"https:\/\/api.w.org\/{rel}","templated":true}]}}