{"id":63976,"date":"2020-07-10T14:07:03","date_gmt":"2020-07-10T17:07:03","guid":{"rendered":"https:\/\/www.actualidadadiario.com\/?p=63976"},"modified":"2020-07-30T16:03:59","modified_gmt":"2020-07-30T19:03:59","slug":"informan-29-nuevos-fallecimientos-y-suman-1-749-los-muertos-por-coronavirus-en-la-argentina","status":"publish","type":"post","link":"https:\/\/www.actualidadadiario.com\/index.php\/2020\/07\/10\/informan-29-nuevos-fallecimientos-y-suman-1-749-los-muertos-por-coronavirus-en-la-argentina\/","title":{"rendered":"Informan 29 nuevos fallecimientos y suman 1.749 los muertos por coronavirus en la Argentina"},"content":{"rendered":"<p style=\"text-align: center;\"><em><strong>La tasa de letalidad es de 1,96% sobre los casos confirmados. Fueron 3.663 los contagios de Covid-19 que se registraron ayer en el pa\u00eds<\/strong><\/em><\/p>\n<p>&nbsp;<\/p>\n<p>&nbsp;<\/p>\n<p>&nbsp;<\/p>\n<p>El Ministerio de Salud inform\u00f3 esta ma\u00f1ana 29 nuevos fallecimientos por coronavirus en el pa\u00eds, lo que elev\u00f3 a 1.749 la cifra de muertos desde marzo, cuando se declar\u00f3 la pandemia, con una tasa de letalidad de 1,96% sobre los casos confirmados.<\/p>\n<p>Adem\u00e1s, en el reporte oficial se indic\u00f3 que fueron 3.663 los contagios de Covid-19 que se registraron ayer en la Argentina y suman un total de 90.963 el total de infectados, de los cuales 38.984 ya fueron dados de alta.<\/p>\n<p>Desde el \u00faltimo reporte emitido anoche, se registraron 29 nuevas muertes: 21 hombres (12 de entre 41 y 96 a\u00f1os residentes en la provincia de Buenos Aires, ocho de entre 48 y 92 a\u00f1os de Ciudad de Buenos Aires y uno de 58 a\u00f1os de la provincia de La Rioja) y siete mujeres de entre 64 y 94 a\u00f1os residentes en la provincia de Buenos Aires.<\/p>\n<p>Adem\u00e1s, se aclar\u00f3 en los datos que hay una persona de 84 a\u00f1os, residente en la Ciudad, de la que no registra dato de sexo.<\/p>\n<p>Al respecto, la secretaria de Acceso a la Salud, Carla Vizzotti, se\u00f1al\u00f3 que hay 662 personas internadas en terapia intensiva con diagn\u00f3stico de Covid-19, el 92% en el \u00c1rea Metropolitana Buenos Aires (AMBA).<\/p>\n<p>&#8220;La ocupaci\u00f3n de camas de terapia por cualquier motivo a nivel nacional es del 52,4%, mientras que en el AMBA ese \u00edndice asciende al 58%&#8221;, explic\u00f3 Vizzotti.<\/p>\n<p>Asimismo, asegur\u00f3 que &#8220;no hay nuevas \u00e1reas de transmisi\u00f3n comunitaria&#8221; y aclar\u00f3 que los que m\u00e1s se infectan &#8220;son los j\u00f3venes que realizan actividades, los que m\u00e1s circulan, por eso est\u00e1 en 35 a\u00f1os (la edad promedio de contagios)&#8221;, mientras que el promedio de mortalidad es de 75 a\u00f1os.<\/p>\n<p>&#8220;En el n\u00famero de casos estamos experimentando un aumento, estos casos que estamos viendo se infectaron hace 14 d\u00edas, por eso se tom\u00f3 esta medida de restringir la movilidad hasta el 17 de julio donde hay transmisi\u00f3n comunitaria&#8221;, explic\u00f3 la funcionaria.<\/p>\n<p>Y a\u00f1adi\u00f3: &#8220;La disminuci\u00f3n de esta circulaci\u00f3n se ver\u00e1 en los casos de los pr\u00f3ximos d\u00edas, esperando que disminuya la circulaci\u00f3n del virus, por eso reiteramos los consejos de mantenerse en casa y que solo realicen actividades quienes est\u00e1n habilitados&#8221;.<\/p>\n<p>Por \u00faltimo, Vizzotti manifest\u00f3 que &#8220;estamos frente a un desaf\u00edo importante, con transparencia, solidaridad y compromiso, hay un equipo enorme que va a dar respuesta a cada uno de esos desaf\u00edos&#8221;.<\/p>\n<p>Ayer fueron realizadas 11.041 nuevas muestras y desde el inicio del brote se realizaron 445.733 pruebas diagn\u00f3sticas para esta enfermedad, lo que equivale a 9.822,9 muestras por mill\u00f3n de habitantes.<\/p>\n<p>El n\u00famero de casos descartados hasta ayer es de 278.647 (por laboratorio y por criterio cl\u00ednico-epidemiol\u00f3gico), y 49.960 son las personas que est\u00e1n con la infecci\u00f3n en curso.<\/p>\n","protected":false},"excerpt":{"rendered":"<p>La tasa de letalidad es de 1,96% sobre los casos confirmados. Fueron 3.663 los contagios de Covid-19 que se registraron ayer en el pa\u00eds &nbsp; &nbsp; &nbsp; El Ministerio de Salud inform\u00f3 esta ma\u00f1ana 29 nuevos fallecimientos por coronavirus en el pa\u00eds, lo que elev\u00f3 a 1.749 la cifra de muertos desde marzo, cuando se declar\u00f3 la pandemia, con una tasa de letalidad de 1,96% sobre los casos confirmados. Adem\u00e1s, en el reporte oficial se indic\u00f3 que fueron 3.663 los contagios de Covid-19 que se registraron ayer en la Argentina&#8230;<\/p>\n","protected":false},"author":3,"featured_media":63977,"comment_status":"closed","ping_status":"closed","sticky":false,"template":"","format":"standard","meta":[],"categories":[2],"tags":[],"_links":{"self":[{"href":"https:\/\/www.actualidadadiario.com\/index.php\/wp-json\/wp\/v2\/posts\/63976"}],"collection":[{"href":"https:\/\/www.actualidadadiario.com\/index.php\/wp-json\/wp\/v2\/posts"}],"about":[{"href":"https:\/\/www.actualidadadiario.com\/index.php\/wp-json\/wp\/v2\/types\/post"}],"author":[{"embeddable":true,"href":"https:\/\/www.actualidadadiario.com\/index.php\/wp-json\/wp\/v2\/users\/3"}],"replies":[{"embeddable":true,"href":"https:\/\/www.actualidadadiario.com\/index.php\/wp-json\/wp\/v2\/comments?post=63976"}],"version-history":[{"count":1,"href":"https:\/\/www.actualidadadiario.com\/index.php\/wp-json\/wp\/v2\/posts\/63976\/revisions"}],"predecessor-version":[{"id":63978,"href":"https:\/\/www.actualidadadiario.com\/index.php\/wp-json\/wp\/v2\/posts\/63976\/revisions\/63978"}],"wp:featuredmedia":[{"embeddable":true,"href":"https:\/\/www.actualidadadiario.com\/index.php\/wp-json\/wp\/v2\/media\/63977"}],"wp:attachment":[{"href":"https:\/\/www.actualidadadiario.com\/index.php\/wp-json\/wp\/v2\/media?parent=63976"}],"wp:term":[{"taxonomy":"category","embeddable":true,"href":"https:\/\/www.actualidadadiario.com\/index.php\/wp-json\/wp\/v2\/categories?post=63976"},{"taxonomy":"post_tag","embeddable":true,"href":"https:\/\/www.actualidadadiario.com\/index.php\/wp-json\/wp\/v2\/tags?post=63976"}],"curies":[{"name":"wp","href":"https:\/\/api.w.org\/{rel}","templated":true}]}}