{"id":63974,"date":"2020-07-10T14:06:21","date_gmt":"2020-07-10T17:06:21","guid":{"rendered":"https:\/\/www.actualidadadiario.com\/?p=63974"},"modified":"2020-07-30T16:03:59","modified_gmt":"2020-07-30T19:03:59","slug":"preven-que-monotributistas-se-recategorizaran-a-la-baja","status":"publish","type":"post","link":"https:\/\/www.actualidadadiario.com\/index.php\/2020\/07\/10\/preven-que-monotributistas-se-recategorizaran-a-la-baja\/","title":{"rendered":"Prev\u00e9n que monotributistas se recategorizar\u00e1n a la baja"},"content":{"rendered":"<p style=\"text-align: center;\"><em><strong>El 20 de julio vence el plazo para la reinscripci\u00f3n s\u00f3lo en aquellos casos en los que hubo alguna variaci\u00f3n de facturaci\u00f3n. Generalmente el proceso tiende a subir por efecto de la inflaci\u00f3n<\/strong><\/em><\/p>\n<p>&nbsp;<\/p>\n<p>&nbsp;<\/p>\n<p>La pr\u00f3xima recategorizaci\u00f3n de monotributistas que vence el 20 de julio tendr\u00e1 como particularidad que dejar\u00e1 expuesta con toda crudeza el impacto de la pandemia sobre la facturaci\u00f3n de miles de trabajadores independientes y emprendedores. Si bien lo habitual es que la mayor\u00eda se vea forzado a subir de categor\u00eda en funci\u00f3n del efecto de la inflaci\u00f3n sobre el importe de sus ventas, esta se estima que puede darse el caso a la inversa, que se vean forzados a bajar.<\/p>\n<p>\u201cClaramente puede que se tengan recategorizar a la baja\u201d, se\u00f1al\u00f3 el tributarista Ezequiel Passarelli, socio de SCI Group. \u201cPor lo menos, en todo lo que son actividades afectadas por el covid es altamente probable\u201d, se\u00f1al\u00f3 el especialista.<\/p>\n<p>El r\u00e9gimen simplificado tiene dos recategorizaciones semestrales, una en enero y la otra en julio. Los que tienen alguna variaci\u00f3n en la facturaci\u00f3n deben volver a reencuadrarse, y los que no registran cambios no tienen que hacer nada.<\/p>\n<p>Los contribuyentes del r\u00e9gimen simplificado que seguramente se ver\u00e1n obligados a bajar de categor\u00eda son las peluquer\u00edas, centros de est\u00e9tica, ventas de indumentaria, gastronom\u00eda, cultura, deporte, t\u00e9cnicos, producciones, m\u00fasicos, artistas, entre otros que por efecto del Aislamiento Social Preventivo y Obligatorio (ASPO) no registraron pr\u00e1cticamente actividad.<\/p>\n<p>Passarelli agreg\u00f3 al respecto que \u201ctodos estos sectores llevan cuatro meses de facturaci\u00f3n cero\u201d, de modo que es inevitable que si se mantienen operativos, en su pr\u00f3xima declaraci\u00f3n ante el organismo fiscal tengan que anotarse un pelda\u00f1o m\u00e1s abajo.<\/p>\n<p>Tambi\u00e9n se pueden incluir en la lista profesionales como abogados, dentistas, contadores, productores de seguros, que si bien pueden haber sido menos afectados por las medidas, igualmente vieron mermar el ritmo de su actividad.<\/p>\n<p>De acuerdo con datos de la AFIP en la Argentina hay 2,3 millones de monotributistas puros. Es decir, aquellos que trabajan absolutamente de manera independiente y no tienen otra fuente de ingreso asalariada.<\/p>\n<p>De acuerdo con datos del Sistema Integrado Previsional Argentino (SIPA) en abril, el primer mes de cuarentena total, hubo 32.000 monotributistas que se dieron de baja. Para la categorizaci\u00f3n el contribuyente tiene que tomar la facturaci\u00f3n de los \u00faltimos a\u00f1os y ver si encuadra en algunas de las categor\u00edas por el monto de sus ventas.<\/p>\n","protected":false},"excerpt":{"rendered":"<p>El 20 de julio vence el plazo para la reinscripci\u00f3n s\u00f3lo en aquellos casos en los que hubo alguna variaci\u00f3n de facturaci\u00f3n. Generalmente el proceso tiende a subir por efecto de la inflaci\u00f3n &nbsp; &nbsp; La pr\u00f3xima recategorizaci\u00f3n de monotributistas que vence el 20 de julio tendr\u00e1 como particularidad que dejar\u00e1 expuesta con toda crudeza el impacto de la pandemia sobre la facturaci\u00f3n de miles de trabajadores independientes y emprendedores. Si bien lo habitual es que la mayor\u00eda se vea forzado a subir de categor\u00eda en funci\u00f3n del efecto de&#8230;<\/p>\n","protected":false},"author":3,"featured_media":48177,"comment_status":"closed","ping_status":"closed","sticky":false,"template":"","format":"standard","meta":[],"categories":[2],"tags":[],"_links":{"self":[{"href":"https:\/\/www.actualidadadiario.com\/index.php\/wp-json\/wp\/v2\/posts\/63974"}],"collection":[{"href":"https:\/\/www.actualidadadiario.com\/index.php\/wp-json\/wp\/v2\/posts"}],"about":[{"href":"https:\/\/www.actualidadadiario.com\/index.php\/wp-json\/wp\/v2\/types\/post"}],"author":[{"embeddable":true,"href":"https:\/\/www.actualidadadiario.com\/index.php\/wp-json\/wp\/v2\/users\/3"}],"replies":[{"embeddable":true,"href":"https:\/\/www.actualidadadiario.com\/index.php\/wp-json\/wp\/v2\/comments?post=63974"}],"version-history":[{"count":1,"href":"https:\/\/www.actualidadadiario.com\/index.php\/wp-json\/wp\/v2\/posts\/63974\/revisions"}],"predecessor-version":[{"id":63975,"href":"https:\/\/www.actualidadadiario.com\/index.php\/wp-json\/wp\/v2\/posts\/63974\/revisions\/63975"}],"wp:featuredmedia":[{"embeddable":true,"href":"https:\/\/www.actualidadadiario.com\/index.php\/wp-json\/wp\/v2\/media\/48177"}],"wp:attachment":[{"href":"https:\/\/www.actualidadadiario.com\/index.php\/wp-json\/wp\/v2\/media?parent=63974"}],"wp:term":[{"taxonomy":"category","embeddable":true,"href":"https:\/\/www.actualidadadiario.com\/index.php\/wp-json\/wp\/v2\/categories?post=63974"},{"taxonomy":"post_tag","embeddable":true,"href":"https:\/\/www.actualidadadiario.com\/index.php\/wp-json\/wp\/v2\/tags?post=63974"}],"curies":[{"name":"wp","href":"https:\/\/api.w.org\/{rel}","templated":true}]}}