{"id":63969,"date":"2020-07-10T14:04:40","date_gmt":"2020-07-10T17:04:40","guid":{"rendered":"https:\/\/www.actualidadadiario.com\/?p=63969"},"modified":"2020-07-30T16:03:59","modified_gmt":"2020-07-30T19:03:59","slug":"por-la-pandemia-la-vacunacion-infantil-cayo-hasta-un-50-en-algunas-provincias","status":"publish","type":"post","link":"https:\/\/www.actualidadadiario.com\/index.php\/2020\/07\/10\/por-la-pandemia-la-vacunacion-infantil-cayo-hasta-un-50-en-algunas-provincias\/","title":{"rendered":"Por la pandemia, la vacunaci\u00f3n infantil cay\u00f3 hasta un 50% en algunas provincias"},"content":{"rendered":"<p style=\"text-align: center;\"><em><strong>El aislamiento y la suspensi\u00f3n de las clases son algunos de los factores que explican la merma. Las autoridades advierten que la falta de vacunaci\u00f3n trae el riesgo de brote de enfermedades como la coqueluche, la meningitis o el sarampi\u00f3n<\/strong><\/em><\/p>\n<p>&nbsp;<\/p>\n<p>&nbsp;<\/p>\n<p>El hospital de pediatr\u00eda Garrahan advirti\u00f3 esta semana que en cuarentena baj\u00f3 m\u00e1s del 50 por ciento la vacunaci\u00f3n infantil en relaci\u00f3n a 2019 y en las provincias el panorama es semejante, seg\u00fan indicaron las autoridades sanitarias locales a T\u00e9lam.<\/p>\n<p>Patricia Campos es la responsable del programa de Enfermedades Inmunoprevenibles de la provincia de Buenos Aires, manifest\u00f3 que desde que comenz\u00f3 la cuarentena se eval\u00faa el cumplimiento del calendario de vacunaci\u00f3n que da cuenta de &#8220;una ca\u00edda de al menos 50%&#8221; en las dosis aplicadas a ni\u00f1os en los primeros seis meses de vida durante marzo, abril, mayo y junio&#8221;.<\/p>\n<p>La m\u00e9dica indic\u00f3 que &#8220;el riesgo es que resurjan enfermedades inmunoprevenibles como son la coqueluche, algunos tipos de meningitis o el sarampi\u00f3n \u2013una enfermedad viral altamente transmisible\u2013 que disponen de una vacuna segura y eficaz que est\u00e1 incluida en el Calendario Nacional de Inmunizaciones, gratuito y obligatorio&#8221;.<\/p>\n<p>En cuanto a la baja sensible en el cumplimiento del calendario de vacunas, adjudic\u00f3 como una probable causa &#8220;que la gente se suscribi\u00f3 a la cuarentena, y tal vez los pap\u00e1s tienen temor a salir a vacunar a sus ni\u00f1os&#8221; pero remarc\u00f3 que &#8220;existe un permiso especial para concurrir a las consultas m\u00e9dicas&#8221;.<\/p>\n<p>En Salta, la jefa del Programa de Inmunizaciones, Adriana Jure, explic\u00f3 a T\u00e9lam que en en esa provincia la vacunaci\u00f3n tambi\u00e9n se vio afectada por la pandemia, sobre todo la de los chicos en edad escolar, de los 5 y a los 11 a\u00f1os, debido a la suspensi\u00f3n de las clases: &#8220;Este a\u00f1o, la vacunaci\u00f3n se resinti\u00f3 sobre todo en los lugares de mayor poblaci\u00f3n, como la capital salte\u00f1a, Or\u00e1n, Tartagal&#8221;, indic\u00f3.<\/p>\n<p>Si bien en edad escolar se aplican las dosis de refuerzos, meningococo y papiloma humano (VPH), es en esta \u00faltima donde la situaci\u00f3n es cr\u00edtica: &#8220;Todos los a\u00f1os, en junio o julio, tenemos el 100% de la poblaci\u00f3n objetivo vacunada, pero este a\u00f1o tenemos un fuerte atraso, de por lo menos un 50%&#8221;, se\u00f1al\u00f3 la funcionaria y comparti\u00f3 la preocupaci\u00f3n de las autoridades sanitarias salte\u00f1as.<\/p>\n<p>En Santa Fe, la m\u00e9dica pedi\u00e1trica Soledad Guerrero, coordinadora de programa de inmunizaciones de la provincia, dijo que se &#8220;registra una baja en la vacunaci\u00f3n infantil, la misma que hay a nivel nacional. Nosotros tenemos una cobertura de entre el 40 y el 50% con una vacuna antigripal para ni\u00f1os menores de 2 a\u00f1os, y el resto de las vacunas en este semestre del a\u00f1o rozan coberturas que no ascienden a m\u00e1s del 50%&#8221;.<\/p>\n<p>Y agreg\u00f3 que &#8220;la pandemia ha hecho que la gente no se acerque a los centros de salud donde est\u00e1n los vacunatorios por temor y tambi\u00e9n se ha resentido el control sano del ni\u00f1o, que es una enorme oportunidad para la vacunaci\u00f3n y tambi\u00e9n en la provincia tenemos coberturas que estamos tratando de elevar, que no supera el 50% en todas las vacunas&#8221;.<\/p>\n<p>En Entre R\u00edos, la situaci\u00f3n es parecida: el jefe del programa de inmunizaciones, Claudio Niz, dijo a T\u00e9lam que la provincia est\u00e1 &#8220;en la misma circunstancia&#8221; que el resto del pa\u00eds, donde a causa de la pandemia y por el &#8220;temor de las familias&#8221; cay\u00f3 la vacunaci\u00f3n.<\/p>\n<p>All\u00ed, las coberturas &#8220;rondan un 20 y 30%, ya sea en reci\u00e9n nacidos, de 2 a 11 meses, un a\u00f1o, 18 meses, ingreso escolar y 11 a\u00f1os&#8221;, detall\u00f3, mientras que en La Rioja, el gobierno local estima que el alcance es del 40 por ciento.<\/p>\n<p>En Mendoza, la clave tambi\u00e9n est\u00e1 en la escuela: la responsable del programa de Inmunizaciones, Iris Aguilar, dijo que &#8220;como la fortaleza para la vacunaci\u00f3n de 5 y 11 a\u00f1os es la vacunaci\u00f3n escolar y no hay clases presenciales, claramente es el grupo que ahora estamos abocados a recuperar&#8221;.<\/p>\n<p>En lo que respecta al resto &#8220;de los grupos etarios nuestra provincia no ha tenido un gran impacto con respecto a las coberturas&#8221;, se\u00f1al\u00f3 la funcionaria.<\/p>\n<p>&#8220;En Santiago del Estero tuvimos la estrategia de vacunar casa por casa con los agentes sanitarios a la poblaci\u00f3n infantil, lo que permiti\u00f3 que solo disminuya un 10% la llegada en relaci\u00f3n al a\u00f1o pasado&#8221;, indicaron fuentes del Ministerio de Salud de la provincia.<\/p>\n<p>En Chaco, por su parte, el derrumbe en la vacunaci\u00f3n es menor: el jefe del departamento Inmunizaciones, Leonardo Villavicencio, afirm\u00f3 que hay &#8220;una ca\u00edda en las coberturas de las vacunas del 17% en ni\u00f1os menores de 1 a\u00f1o de edad&#8221;, y se\u00f1al\u00f3 como ejemplo el caso &#8220;de la Triple Viral, una vacuna trazadora que se aplica a los 12 meses, que es la edad a la que m\u00e1s cuesta llegar en el contexto de pandemia que vivimos, pero con el resto del calendario estamos bien&#8221;.<\/p>\n<p>En el sur del pa\u00eds la cosa es mucho mejor: Claudio Garc\u00eda, subsecretario de Salud de Santa Cruz, explic\u00f3: &#8220;Aqu\u00ed, hemos superado la cantidad habitual de vacuna, en chicos y embarazadas, estamos bien en relaci\u00f3n con igual per\u00edodo de a\u00f1os anteriores, en algunos lugares por encima y en otros con porcentajes similares&#8221;.<\/p>\n<p>Por su parte, la jefa del Departamento provincial de Control de Enfermedades Inmunoprevenibles de Chubut, Mariela Brito, asegur\u00f3 que all\u00ed &#8220;no baj\u00f3 sustancialmente el \u00edndice de aplicaciones del calendario de vacunaci\u00f3n pedi\u00e1trica en relaci\u00f3n al a\u00f1o pasado y solo se registr\u00f3 una merma del 3%&#8221;.<\/p>\n<p>Y en Neuqu\u00e9n, Araceli Gitlein, referente de Inmunizaciones del Ministerio de Salud provincial, en di\u00e1logo con T\u00e9lam inform\u00f3 que los datos del primer semestre del a\u00f1o indican que &#8220;en la vacunaci\u00f3n del menor de dos a\u00f1os y embarazadas estamos unos cuatro puntos abajo que en el mismo semestre del 2019&#8221;, aunque es &#8220;alentador&#8221; el promedio de &#8220;vacunaci\u00f3n en ni\u00f1os de 5 a\u00f1os y de 11 a\u00f1os que se encuentra alrededor del 40%&#8221;.<\/p>\n","protected":false},"excerpt":{"rendered":"<p>El aislamiento y la suspensi\u00f3n de las clases son algunos de los factores que explican la merma. Las autoridades advierten que la falta de vacunaci\u00f3n trae el riesgo de brote de enfermedades como la coqueluche, la meningitis o el sarampi\u00f3n &nbsp; &nbsp; El hospital de pediatr\u00eda Garrahan advirti\u00f3 esta semana que en cuarentena baj\u00f3 m\u00e1s del 50 por ciento la vacunaci\u00f3n infantil en relaci\u00f3n a 2019 y en las provincias el panorama es semejante, seg\u00fan indicaron las autoridades sanitarias locales a T\u00e9lam. Patricia Campos es la responsable del programa de&#8230;<\/p>\n","protected":false},"author":3,"featured_media":63970,"comment_status":"closed","ping_status":"closed","sticky":false,"template":"","format":"standard","meta":[],"categories":[2],"tags":[],"_links":{"self":[{"href":"https:\/\/www.actualidadadiario.com\/index.php\/wp-json\/wp\/v2\/posts\/63969"}],"collection":[{"href":"https:\/\/www.actualidadadiario.com\/index.php\/wp-json\/wp\/v2\/posts"}],"about":[{"href":"https:\/\/www.actualidadadiario.com\/index.php\/wp-json\/wp\/v2\/types\/post"}],"author":[{"embeddable":true,"href":"https:\/\/www.actualidadadiario.com\/index.php\/wp-json\/wp\/v2\/users\/3"}],"replies":[{"embeddable":true,"href":"https:\/\/www.actualidadadiario.com\/index.php\/wp-json\/wp\/v2\/comments?post=63969"}],"version-history":[{"count":1,"href":"https:\/\/www.actualidadadiario.com\/index.php\/wp-json\/wp\/v2\/posts\/63969\/revisions"}],"predecessor-version":[{"id":63971,"href":"https:\/\/www.actualidadadiario.com\/index.php\/wp-json\/wp\/v2\/posts\/63969\/revisions\/63971"}],"wp:featuredmedia":[{"embeddable":true,"href":"https:\/\/www.actualidadadiario.com\/index.php\/wp-json\/wp\/v2\/media\/63970"}],"wp:attachment":[{"href":"https:\/\/www.actualidadadiario.com\/index.php\/wp-json\/wp\/v2\/media?parent=63969"}],"wp:term":[{"taxonomy":"category","embeddable":true,"href":"https:\/\/www.actualidadadiario.com\/index.php\/wp-json\/wp\/v2\/categories?post=63969"},{"taxonomy":"post_tag","embeddable":true,"href":"https:\/\/www.actualidadadiario.com\/index.php\/wp-json\/wp\/v2\/tags?post=63969"}],"curies":[{"name":"wp","href":"https:\/\/api.w.org\/{rel}","templated":true}]}}