{"id":63965,"date":"2020-07-10T14:02:50","date_gmt":"2020-07-10T17:02:50","guid":{"rendered":"https:\/\/www.actualidadadiario.com\/?p=63965"},"modified":"2020-07-30T16:03:59","modified_gmt":"2020-07-30T19:03:59","slug":"argentina-es-uno-de-los-paises-de-la-region-que-mantiene-actividad-aerea-con-vuelos-especiales","status":"publish","type":"post","link":"https:\/\/www.actualidadadiario.com\/index.php\/2020\/07\/10\/argentina-es-uno-de-los-paises-de-la-region-que-mantiene-actividad-aerea-con-vuelos-especiales\/","title":{"rendered":"Argentina es uno de los pa\u00edses de la regi\u00f3n que mantiene actividad a\u00e9rea con vuelos especiales"},"content":{"rendered":"<p style=\"text-align: center;\"><em><strong>El vicepresidente de la Asociaci\u00f3n Internacional de Transporte A\u00e9reo dijo que \u201cse vienen meses muy dif\u00edciles porque la reactivaci\u00f3n va a ser lenta y los pasajeros van a ser reticentes a volver a volar y esperamos que en un principio el nivel de ocupaci\u00f3n estar\u00e1 en el orden del 40 por ciento y en el 60 en el mejor de los casos\u201d<\/strong><\/em><\/p>\n<p>&nbsp;<\/p>\n<p>Argentina es uno de los pa\u00edses de Latinoam\u00e9rica en el que se mantiene una actividad a\u00e9rea, dentro de un panorama de agravamiento general de la pandemia &#8220;que ha obligado a algunos gobiernos de la regi\u00f3n a posponer el reinicio de los vuelos&#8221;, se\u00f1al\u00f3 este jueves el vicepresidente de la Asociaci\u00f3n Internacional de Transporte A\u00e9reo (IATA), Peter Cerda.<\/p>\n<p>En una videoconferencia concretada esta tarde con periodistas latinoamericanos, Cerda dijo que \u201clas autoridades sanitarias de cada pa\u00eds han indicado que a\u00fan el pico de la pandemia no se ha manifestado, por lo que la baja de la l\u00ednea de contagios no se produce y consecuentemente eso impide la programaci\u00f3n de vuelos de manera segura\u201d.<\/p>\n<p>Respecto a la Argentina, el directivo se\u00f1al\u00f3 que \u201csi bien estaba previsto que el 15 de julio se reiniciar\u00edan los vuelos dom\u00e9sticos, el Gobierno ha decidido posponer esa fecha debido a la cantidad de casos que se han ido registrando en los \u00faltimos d\u00edas, sobre todo en Buenos Aires\u201d.<\/p>\n<p>En ese marco destac\u00f3 que en Argentina \u201ccontin\u00faan realiz\u00e1ndose vuelos de cabotaje a algunos destinos y tambi\u00e9n se han autorizado de manera, m\u00e1s o menos fija, vuelos de repatriaci\u00f3n llevando pasajeros tanto en tramos de ida como de regreso, lo que permite una previsibilidad para los pasajeros y una continuidad a la aerol\u00ednea\u201d.<\/p>\n<p>Cerda se mostr\u00f3 \u201cesperanzado\u201d en que se pueda cumplir con la previsi\u00f3n del reinicio de las operaciones internacionales regulares para el mes de septiembre y retir\u00f3 que est\u00e1n en \u201cun di\u00e1logo permanente con el gobierno para ir analizando d\u00eda a d\u00eda, la situaci\u00f3n\u201d.<\/p>\n<p>En ese sentido advirti\u00f3 que \u201clas compa\u00f1\u00edas a\u00e9reas est\u00e1n en una situaci\u00f3n muy delicada y muchas deber\u00e1n recurrir a ingenier\u00edas financieras para poder sostenerse. Por eso es indispensable que se pueda volver a la actividad en el menor tiempo posible\u201d.<\/p>\n","protected":false},"excerpt":{"rendered":"<p>El vicepresidente de la Asociaci\u00f3n Internacional de Transporte A\u00e9reo dijo que \u201cse vienen meses muy dif\u00edciles porque la reactivaci\u00f3n va a ser lenta y los pasajeros van a ser reticentes a volver a volar y esperamos que en un principio el nivel de ocupaci\u00f3n estar\u00e1 en el orden del 40 por ciento y en el 60 en el mejor de los casos\u201d &nbsp; Argentina es uno de los pa\u00edses de Latinoam\u00e9rica en el que se mantiene una actividad a\u00e9rea, dentro de un panorama de agravamiento general de la pandemia &#8220;que&#8230;<\/p>\n","protected":false},"author":3,"featured_media":59085,"comment_status":"closed","ping_status":"closed","sticky":false,"template":"","format":"standard","meta":[],"categories":[2],"tags":[],"_links":{"self":[{"href":"https:\/\/www.actualidadadiario.com\/index.php\/wp-json\/wp\/v2\/posts\/63965"}],"collection":[{"href":"https:\/\/www.actualidadadiario.com\/index.php\/wp-json\/wp\/v2\/posts"}],"about":[{"href":"https:\/\/www.actualidadadiario.com\/index.php\/wp-json\/wp\/v2\/types\/post"}],"author":[{"embeddable":true,"href":"https:\/\/www.actualidadadiario.com\/index.php\/wp-json\/wp\/v2\/users\/3"}],"replies":[{"embeddable":true,"href":"https:\/\/www.actualidadadiario.com\/index.php\/wp-json\/wp\/v2\/comments?post=63965"}],"version-history":[{"count":1,"href":"https:\/\/www.actualidadadiario.com\/index.php\/wp-json\/wp\/v2\/posts\/63965\/revisions"}],"predecessor-version":[{"id":63966,"href":"https:\/\/www.actualidadadiario.com\/index.php\/wp-json\/wp\/v2\/posts\/63965\/revisions\/63966"}],"wp:featuredmedia":[{"embeddable":true,"href":"https:\/\/www.actualidadadiario.com\/index.php\/wp-json\/wp\/v2\/media\/59085"}],"wp:attachment":[{"href":"https:\/\/www.actualidadadiario.com\/index.php\/wp-json\/wp\/v2\/media?parent=63965"}],"wp:term":[{"taxonomy":"category","embeddable":true,"href":"https:\/\/www.actualidadadiario.com\/index.php\/wp-json\/wp\/v2\/categories?post=63965"},{"taxonomy":"post_tag","embeddable":true,"href":"https:\/\/www.actualidadadiario.com\/index.php\/wp-json\/wp\/v2\/tags?post=63965"}],"curies":[{"name":"wp","href":"https:\/\/api.w.org\/{rel}","templated":true}]}}