{"id":63962,"date":"2020-07-10T14:01:42","date_gmt":"2020-07-10T17:01:42","guid":{"rendered":"https:\/\/www.actualidadadiario.com\/?p=63962"},"modified":"2020-07-30T16:03:59","modified_gmt":"2020-07-30T19:03:59","slug":"las-provincias-en-fase-cinco-empezaran-clases-desde-agosto-en-forma-escalonada","status":"publish","type":"post","link":"https:\/\/www.actualidadadiario.com\/index.php\/2020\/07\/10\/las-provincias-en-fase-cinco-empezaran-clases-desde-agosto-en-forma-escalonada\/","title":{"rendered":"&#8220;Las provincias en fase cinco empezar\u00e1n clases desde agosto en forma escalonada&#8221;"},"content":{"rendered":"<p style=\"text-align: center;\"><em><strong>Las provincias que est\u00e9n en fase cinco con un nivel bajo de circulaci\u00f3n de coronavirus son las primeras que empezar\u00e1n a alternar las clases presenciales con las virtuales a partir del mes de agosto asegur\u00f3 hoy el ministro de Educaci\u00f3n Nicol\u00e1s Trotta quien destac\u00f3 que el AMBA &#8220;no podr\u00e1 comenzar hasta que no logre estar en las mismas condiciones&#8221;<\/strong><\/em><\/p>\n<p>&nbsp;<\/p>\n<p>&#8220;Argentina est\u00e1 pasando por distintas realidades en torno al impacto del coronavirus, las jurisdicciones en donde se respet\u00f3 el distanciamiento social y pudieron hacer un proceso de apertura gradual, reflejado en bares, restaurantes, actividad f\u00edsica y encuentros familiares, son las que est\u00e1n en condiciones de tener una escuela diferente&#8221;, dijo Trotta.<\/p>\n<p>&#8220;En el AMBA hay que ver c\u00f3mo nos va, hasta que la Ciudad no est\u00e9 en una fase similar a la que est\u00e1n las provincias donde empezamos a proyectar el regreso a las aulas, no se va a poder generar esas condiciones de retorno&#8221;.<\/p>\n<p>El ministro asegur\u00f3 que a\u00fan en las provincias que tengan estas condiciones &#8220;el regreso se har\u00e1 en forma escalonada, primero en el sector rural y en las peque\u00f1as localidades del interior y luego se ir\u00e1 extendiendo al resto de la provincia. La decisi\u00f3n final la tomar\u00e1 cada gobernador&#8221;.<\/p>\n<p>El proceso de reapertura de las escuelas deber\u00e1 obedecer adem\u00e1s al protocolo marco acordado por todas las provincias en cuanto a la infraestructura y procesos de limpieza e higiene, acceso al agua potable y ventilaci\u00f3n adecuada.<\/p>\n<p>En este sentido, Trotta asegur\u00f3 que el Ministerio &#8220;realizar\u00e1 un acompa\u00f1amiento presupuestario, obras de infraestructura y adquisici\u00f3n de insumos a las provincias para arrancar la vuelta a la escuela con un esquema de coordinaci\u00f3n para que cada jurisdicci\u00f3n pueda empezar a partir de agosto&#8221;.<\/p>\n<p>La idea es &#8220;comenzar con esos regresos escalonados, que se puedan consolidar y eso permita marcarle el camino a las dem\u00e1s jurisdicciones\u201d. Para garantizar la continuidad pedag\u00f3gica, cada provincia elabor\u00f3 un portal educativo o perfeccion\u00f3 al que ya ten\u00eda, con el fin de que los alumnos con conectividad a Internet puedan mantener un v\u00ednculo con su docente a trav\u00e9s de la tecnolog\u00eda.<\/p>\n<p>En este aspecto, el gobierno nacional tambi\u00e9n lanz\u00f3 la plataforma Seguimos Educando que tiene navegabilidad gratuita pero a partir de agosto, con la continuidad de la alternancia entre clases virtuales y presenciales, incluir\u00e1 servicios de mensajer\u00eda entre alumnos y docentes sin consumo de datos m\u00f3viles.<\/p>\n<p>&#8220;En agosto vamos a estar lanzando la primera versi\u00f3n de la plataforma integral, el objetivo es generar todo un esquema de gratuidad de la navegabilidad para que todo lo vinculado a lo educativo se pueda navegar gratuitamente desde los celulares&#8221;, dijo Trotta.<\/p>\n<p>Indic\u00f3 que en esta primera parte &#8220;vamos a sumar aplicaciones con el fin de que tanto el docente como el alumno, cuando usen este sistema no gasten sus datos m\u00f3viles, porque todo va a estar alojado en el sat\u00e9lite Arsat a partir del ID de su celular&#8221;.<\/p>\n<p>El ministro explic\u00f3 que este &#8220;es un proceso a partir del cual se van a ir sumando prestaciones y aplicaciones&#8221;.<\/p>\n<p>El gobierno nacional prev\u00e9 adem\u00e1s lanzar un programa nacional, junto a provincias y municipios, para ir a buscar a los chicos que &#8220;no van a volver a la escuela&#8221;.<\/p>\n<p>&#8220;Esto es algo que no s\u00f3lo ocurrir\u00e1 en la Argentina sino que ya pas\u00f3 en otros pa\u00edses, el proceso de desgranamiento especialmente en el nivel secundario a ra\u00edz de que el virus rompi\u00f3 con las rutinas que ten\u00edan los adolescentes para ir a la escuela&#8221;, asegur\u00f3 el ministro.<\/p>\n<p>Y agreg\u00f3 que este programa de ir a buscar a los chicos no se opone a que &#8220;haya una l\u00f3gica nivelaci\u00f3n de aprendizajes dentro del aula, ya que las aulas que tendremos ser\u00e1n muy heterog\u00e9neas&#8221;.<\/p>\n<p>Trotta manifest\u00f3 en este sentido que &#8220;no hay una responsabilidad de la escuela en esto sino en todo el sistema educativo, tanto de la Naci\u00f3n como de las provincias, por lo que es necesario desplegar una pol\u00edtica p\u00fablica para ir a la b\u00fasqueda de los estudiantes&#8221;.<\/p>\n<p>En este aspecto el Ministerio inici\u00f3 una evaluaci\u00f3n para saber c\u00f3mo fue la respuesta en el proceso de continuidad pedag\u00f3gica cuyos primeros resultados estar\u00e1n la semana entrante.<\/p>\n<p>&#8220;Ya tenemos los primeros resultados de esa evaluaci\u00f3n y era como lo hab\u00edamos imaginado, de todas formas hay que esperar los resultados finales que estar\u00e1n para el mes de agosto&#8221;, dijo Trotta.<\/p>\n<p>Y precis\u00f3 que &#8220;seguramente vamos tener que prorrogar saberes y contenidos para el 2021 porque no lo vamos a poder explorar este a\u00f1o&#8221;, y detall\u00f3 que se encuentra en an\u00e1lisis &#8220;la concreci\u00f3n de un m\u00f3dulo de tres meses a realizarse en febrero, marzo y abril del a\u00f1o pr\u00f3ximo, destinado a los alumnos que cursen el \u00faltimo a\u00f1o de la secundaria&#8221;.<\/p>\n","protected":false},"excerpt":{"rendered":"<p>Las provincias que est\u00e9n en fase cinco con un nivel bajo de circulaci\u00f3n de coronavirus son las primeras que empezar\u00e1n a alternar las clases presenciales con las virtuales a partir del mes de agosto asegur\u00f3 hoy el ministro de Educaci\u00f3n Nicol\u00e1s Trotta quien destac\u00f3 que el AMBA &#8220;no podr\u00e1 comenzar hasta que no logre estar en las mismas condiciones&#8221; &nbsp; &#8220;Argentina est\u00e1 pasando por distintas realidades en torno al impacto del coronavirus, las jurisdicciones en donde se respet\u00f3 el distanciamiento social y pudieron hacer un proceso de apertura gradual, reflejado&#8230;<\/p>\n","protected":false},"author":3,"featured_media":63371,"comment_status":"closed","ping_status":"closed","sticky":false,"template":"","format":"standard","meta":[],"categories":[9],"tags":[],"_links":{"self":[{"href":"https:\/\/www.actualidadadiario.com\/index.php\/wp-json\/wp\/v2\/posts\/63962"}],"collection":[{"href":"https:\/\/www.actualidadadiario.com\/index.php\/wp-json\/wp\/v2\/posts"}],"about":[{"href":"https:\/\/www.actualidadadiario.com\/index.php\/wp-json\/wp\/v2\/types\/post"}],"author":[{"embeddable":true,"href":"https:\/\/www.actualidadadiario.com\/index.php\/wp-json\/wp\/v2\/users\/3"}],"replies":[{"embeddable":true,"href":"https:\/\/www.actualidadadiario.com\/index.php\/wp-json\/wp\/v2\/comments?post=63962"}],"version-history":[{"count":2,"href":"https:\/\/www.actualidadadiario.com\/index.php\/wp-json\/wp\/v2\/posts\/63962\/revisions"}],"predecessor-version":[{"id":63964,"href":"https:\/\/www.actualidadadiario.com\/index.php\/wp-json\/wp\/v2\/posts\/63962\/revisions\/63964"}],"wp:featuredmedia":[{"embeddable":true,"href":"https:\/\/www.actualidadadiario.com\/index.php\/wp-json\/wp\/v2\/media\/63371"}],"wp:attachment":[{"href":"https:\/\/www.actualidadadiario.com\/index.php\/wp-json\/wp\/v2\/media?parent=63962"}],"wp:term":[{"taxonomy":"category","embeddable":true,"href":"https:\/\/www.actualidadadiario.com\/index.php\/wp-json\/wp\/v2\/categories?post=63962"},{"taxonomy":"post_tag","embeddable":true,"href":"https:\/\/www.actualidadadiario.com\/index.php\/wp-json\/wp\/v2\/tags?post=63962"}],"curies":[{"name":"wp","href":"https:\/\/api.w.org\/{rel}","templated":true}]}}