{"id":63959,"date":"2020-07-10T14:00:55","date_gmt":"2020-07-10T17:00:55","guid":{"rendered":"https:\/\/www.actualidadadiario.com\/?p=63959"},"modified":"2020-07-30T16:03:59","modified_gmt":"2020-07-30T19:03:59","slug":"la-provincia-brinda-creditos-para-acompanar-la-insercion-laboral-de-jovenes-profesionales","status":"publish","type":"post","link":"https:\/\/www.actualidadadiario.com\/index.php\/2020\/07\/10\/la-provincia-brinda-creditos-para-acompanar-la-insercion-laboral-de-jovenes-profesionales\/","title":{"rendered":"La provincia brinda cr\u00e9ditos para acompa\u00f1ar la inserci\u00f3n laboral de j\u00f3venes profesionales"},"content":{"rendered":"<p style=\"text-align: center;\"><em><strong>El Ministerio de Desarrollo Social inform\u00f3 que hasta el 31 de julio contin\u00faa vigente la convocatoria a Cr\u00e9dito Joven. Mediante esta l\u00ednea crediticia se financiar\u00e1 la compra de herramientas o mobiliario para que los j\u00f3venes puedan comenzar a ejercer su profesi\u00f3n<\/strong><\/em><\/p>\n<p>&nbsp;<\/p>\n<p>&nbsp;<\/p>\n<p>Esta iniciativa surgi\u00f3 en 2013, en el marco de un trabajo entre la Secretar\u00eda de Econom\u00eda Social de la cartera Social y la Universidad Aut\u00f3noma de Entre R\u00edos (Uader), y contin\u00faa implement\u00e1ndose de manera conjunta. Desde entonces y hasta la actualidad, egresados de las carreras de Contador P\u00fablico, Kinesiolog\u00eda, Dise\u00f1o Gr\u00e1fico y Abogac\u00eda, entre otras, accedieron a los cr\u00e9ditos.<\/p>\n<p>Cr\u00e9dito Joven est\u00e1 orientado a fortalecer las capacidades de trabajo de j\u00f3venes de entre 18 y 35 a\u00f1os, que han finalizado la escuela t\u00e9cnica de seis a\u00f1os, estudios terciarios o universitarios.<\/p>\n<p>Mediante esta l\u00ednea crediticia la provincia financiar\u00e1 la compra de herramientas, material bibliogr\u00e1fico, equipamiento inform\u00e1tico y mobiliario, as\u00ed como la mejora y acondicionamiento de los espacios de trabajo, para incrementar la productividad o la prestaci\u00f3n de servicios y el desarrollo de acciones que tiendan a mejorar la comercializaci\u00f3n y el acceso a los mercados.<\/p>\n<p>Adem\u00e1s, Cr\u00e9dito Joven permite respaldar diferentes acciones tendientes a mejorar la comercializaci\u00f3n, la prestaci\u00f3n de servicios y el acceso a los mercados de determinados emprendimientos. Por este motivo, es muy amplio el abanico de propuestas que pueden ser fortalecidas en todo el territorio.<\/p>\n<p>En detalle, se ofrecen cr\u00e9ditos de hasta 15.000 pesos sin inter\u00e9s, y de hasta 25.000 con un inter\u00e9s del 6 por ciento anual, a devolver en 18 meses con dos de gracia. Y es requisito necesario que los mismos est\u00e9n destinados a llevar adelante por parte del postulante, un proyecto acorde a su profesi\u00f3n y que el mismo sea viable.<\/p>\n<p>Los interesados en esta pol\u00edtica pueden efectuar consultas v\u00eda telef\u00f3nica al (0343) 484-0581, de lunes a viernes de 8 a 12; o enviar un correo electr\u00f3nico a creditojoven@gmail.com<\/p>\n","protected":false},"excerpt":{"rendered":"<p>El Ministerio de Desarrollo Social inform\u00f3 que hasta el 31 de julio contin\u00faa vigente la convocatoria a Cr\u00e9dito Joven. Mediante esta l\u00ednea crediticia se financiar\u00e1 la compra de herramientas o mobiliario para que los j\u00f3venes puedan comenzar a ejercer su profesi\u00f3n &nbsp; &nbsp; Esta iniciativa surgi\u00f3 en 2013, en el marco de un trabajo entre la Secretar\u00eda de Econom\u00eda Social de la cartera Social y la Universidad Aut\u00f3noma de Entre R\u00edos (Uader), y contin\u00faa implement\u00e1ndose de manera conjunta. Desde entonces y hasta la actualidad, egresados de las carreras de Contador&#8230;<\/p>\n","protected":false},"author":3,"featured_media":63960,"comment_status":"closed","ping_status":"closed","sticky":false,"template":"","format":"standard","meta":[],"categories":[15],"tags":[],"_links":{"self":[{"href":"https:\/\/www.actualidadadiario.com\/index.php\/wp-json\/wp\/v2\/posts\/63959"}],"collection":[{"href":"https:\/\/www.actualidadadiario.com\/index.php\/wp-json\/wp\/v2\/posts"}],"about":[{"href":"https:\/\/www.actualidadadiario.com\/index.php\/wp-json\/wp\/v2\/types\/post"}],"author":[{"embeddable":true,"href":"https:\/\/www.actualidadadiario.com\/index.php\/wp-json\/wp\/v2\/users\/3"}],"replies":[{"embeddable":true,"href":"https:\/\/www.actualidadadiario.com\/index.php\/wp-json\/wp\/v2\/comments?post=63959"}],"version-history":[{"count":1,"href":"https:\/\/www.actualidadadiario.com\/index.php\/wp-json\/wp\/v2\/posts\/63959\/revisions"}],"predecessor-version":[{"id":63961,"href":"https:\/\/www.actualidadadiario.com\/index.php\/wp-json\/wp\/v2\/posts\/63959\/revisions\/63961"}],"wp:featuredmedia":[{"embeddable":true,"href":"https:\/\/www.actualidadadiario.com\/index.php\/wp-json\/wp\/v2\/media\/63960"}],"wp:attachment":[{"href":"https:\/\/www.actualidadadiario.com\/index.php\/wp-json\/wp\/v2\/media?parent=63959"}],"wp:term":[{"taxonomy":"category","embeddable":true,"href":"https:\/\/www.actualidadadiario.com\/index.php\/wp-json\/wp\/v2\/categories?post=63959"},{"taxonomy":"post_tag","embeddable":true,"href":"https:\/\/www.actualidadadiario.com\/index.php\/wp-json\/wp\/v2\/tags?post=63959"}],"curies":[{"name":"wp","href":"https:\/\/api.w.org\/{rel}","templated":true}]}}