{"id":63954,"date":"2020-07-10T13:59:27","date_gmt":"2020-07-10T16:59:27","guid":{"rendered":"https:\/\/www.actualidadadiario.com\/?p=63954"},"modified":"2020-07-30T16:03:59","modified_gmt":"2020-07-30T19:03:59","slug":"este-viernes-se-registraron-22-nuevos-casos-de-coronavirus-en-entre-rios","status":"publish","type":"post","link":"https:\/\/www.actualidadadiario.com\/index.php\/2020\/07\/10\/este-viernes-se-registraron-22-nuevos-casos-de-coronavirus-en-entre-rios\/","title":{"rendered":"Este viernes se registraron 22 nuevos casos de coronavirus en Entre R\u00edos"},"content":{"rendered":"<p style=\"text-align: center;\"><em><strong>El \u00e1rea de Vigilancia Epidemiol\u00f3gica del Ministerio de Salud, confirm\u00f3 que este viernes en Entre R\u00edos se registraron 22 nuevos casos de coronavirus<\/strong><\/em><\/p>\n<p>&nbsp;<\/p>\n<p>&nbsp;<\/p>\n<p>Los 12 primeros casos corresponden a la ciudad de Paran\u00e1. Siete son contactos estrechos de pacientes con Covid-19 positivo, y los otros cinco se encuentran en estudio su nexo epidemiol\u00f3gico.<\/p>\n<p>Otros cuatro casos fueron detectados en la localidad de Gualeguaych\u00fa. Dos son contactos estrechos y el resto se encuentran en investigaci\u00f3n.<\/p>\n<p>En tanto, un paciente fue confirmado en la ciudad de Chajar\u00ed, Departamento Federaci\u00f3n y es contacto estrecho de otro caso confirmado.<\/p>\n<p>Otros dos, fueron detectados en la localidad de Diamante y son contactos estrecho de Covid-19 positivo.<\/p>\n<p>Un caso fue confirmado en Colonia Las Pepas, Departamento Col\u00f3n y es contacto estrecho de un paciente positivo.<\/p>\n<p>Otro caso fue detectado en la localidad de Ibicuy, departamento Islas y es contacto estrecho de Covid-19.<\/p>\n<p>Finalmente, el \u00faltimo caso es de la ciudad de Victoria y est\u00e1 relacionado con un paciente confirmado de Covid-19.<\/p>\n<p>De ese modo, en la provincia son 397 los casos confirmados.<\/p>\n","protected":false},"excerpt":{"rendered":"<p>El \u00e1rea de Vigilancia Epidemiol\u00f3gica del Ministerio de Salud, confirm\u00f3 que este viernes en Entre R\u00edos se registraron 22 nuevos casos de coronavirus &nbsp; &nbsp; Los 12 primeros casos corresponden a la ciudad de Paran\u00e1. Siete son contactos estrechos de pacientes con Covid-19 positivo, y los otros cinco se encuentran en estudio su nexo epidemiol\u00f3gico. Otros cuatro casos fueron detectados en la localidad de Gualeguaych\u00fa. Dos son contactos estrechos y el resto se encuentran en investigaci\u00f3n. En tanto, un paciente fue confirmado en la ciudad de Chajar\u00ed, Departamento Federaci\u00f3n y&#8230;<\/p>\n","protected":false},"author":3,"featured_media":62721,"comment_status":"closed","ping_status":"closed","sticky":false,"template":"","format":"standard","meta":[],"categories":[9,15],"tags":[],"_links":{"self":[{"href":"https:\/\/www.actualidadadiario.com\/index.php\/wp-json\/wp\/v2\/posts\/63954"}],"collection":[{"href":"https:\/\/www.actualidadadiario.com\/index.php\/wp-json\/wp\/v2\/posts"}],"about":[{"href":"https:\/\/www.actualidadadiario.com\/index.php\/wp-json\/wp\/v2\/types\/post"}],"author":[{"embeddable":true,"href":"https:\/\/www.actualidadadiario.com\/index.php\/wp-json\/wp\/v2\/users\/3"}],"replies":[{"embeddable":true,"href":"https:\/\/www.actualidadadiario.com\/index.php\/wp-json\/wp\/v2\/comments?post=63954"}],"version-history":[{"count":1,"href":"https:\/\/www.actualidadadiario.com\/index.php\/wp-json\/wp\/v2\/posts\/63954\/revisions"}],"predecessor-version":[{"id":63955,"href":"https:\/\/www.actualidadadiario.com\/index.php\/wp-json\/wp\/v2\/posts\/63954\/revisions\/63955"}],"wp:featuredmedia":[{"embeddable":true,"href":"https:\/\/www.actualidadadiario.com\/index.php\/wp-json\/wp\/v2\/media\/62721"}],"wp:attachment":[{"href":"https:\/\/www.actualidadadiario.com\/index.php\/wp-json\/wp\/v2\/media?parent=63954"}],"wp:term":[{"taxonomy":"category","embeddable":true,"href":"https:\/\/www.actualidadadiario.com\/index.php\/wp-json\/wp\/v2\/categories?post=63954"},{"taxonomy":"post_tag","embeddable":true,"href":"https:\/\/www.actualidadadiario.com\/index.php\/wp-json\/wp\/v2\/tags?post=63954"}],"curies":[{"name":"wp","href":"https:\/\/api.w.org\/{rel}","templated":true}]}}