{"id":63951,"date":"2020-07-10T13:57:51","date_gmt":"2020-07-10T16:57:51","guid":{"rendered":"https:\/\/www.actualidadadiario.com\/?p=63951"},"modified":"2020-07-30T16:03:59","modified_gmt":"2020-07-30T19:03:59","slug":"continuaran-las-obras-que-buscan-detener-la-erosion-que-provoca-el-rio-uruguay","status":"publish","type":"post","link":"https:\/\/www.actualidadadiario.com\/index.php\/2020\/07\/10\/continuaran-las-obras-que-buscan-detener-la-erosion-que-provoca-el-rio-uruguay\/","title":{"rendered":"Continuar\u00e1n  las obras que buscan detener la erosi\u00f3n que provoca el r\u00edo Uruguay"},"content":{"rendered":"<p style=\"text-align: center;\"><em><strong>\u201cCon profunda alegr\u00eda queremos comunicar que los trabajos de construcci\u00f3n para proteger la erosi\u00f3n de nuestra costa, comenzar\u00e1n en el mes de febrero de 2021\u201d, comunic\u00f3 este jueves, en diversas redes sociales, el grupo \u201cRecuperemos la costa de Salto\u201d<\/strong><\/em><\/p>\n<p>&nbsp;<\/p>\n<p>Confirmaron, ante la consulta period\u00edstica de diario \u201cEl Pueblo\u201d, que esto es as\u00ed, tras lo acordado en la ma\u00f1ana del mi\u00e9rcoles en reuni\u00f3n mantenida con la Comisi\u00f3n T\u00e9cnica Mixta de Salto Grande (CTM).<\/p>\n<p>Este grupo de salte\u00f1os, que se define como independiente de toda ideolog\u00eda pol\u00edtica o religiosa, viene trabajando fuerte desde el a\u00f1o pasado (pese a que la suspensi\u00f3n de tantas cosas por la pandemia haya hecho que perdieran cierta visibilidad algunas de sus actividades), preocupado por la situaci\u00f3n de nuestras costas, en cuanto a la erosi\u00f3n que vienen sufriendo.<\/p>\n<p>&nbsp;<\/p>\n<p><strong>La preocupaci\u00f3n de los vecinos<\/strong><\/p>\n<p>Salto, la ciudad uruguaya vecina a Concordia, cada vez pierde m\u00e1s costas por los efectos de las constantes subidas y bajadas del nivel del r\u00edo, p\u00e9rdida que se da a un ritmo impresionante y que para comprobarlo alcanza con observar, tan solo a modo de ejemplo, que muchos eucaliptos de la costanera norte ya tienen parte de sus ra\u00edces literalmente en el aire, en la barranca mismo.<\/p>\n<p>Es as\u00ed que para trabajar en conjunto en pos de una soluci\u00f3n al problema, se conform\u00f3 el pasado a\u00f1o el grupo de Facebook \u201cRecuperemos la Costa de Salto\u201d, con un \u00e9xito de seguidores. Adem\u00e1s, antes que se instalara la emergencia sanitaria, el grupo hab\u00eda organizado y concretado una serie de jornadas de limpieza en ambas costaneras.<\/p>\n<p>&nbsp;<\/p>\n<p><strong>Las obras comenzar\u00e1n en febrero<\/strong><\/p>\n<p>La noticia ahora, es que este pasado mi\u00e9rcoles, los integrantes del grupo Daniel Zunini, Guillermo Constantin, Juan Miguel Marziotte, Nedio Cavalheiro, Daniela Querio, y Gustavo San Andrea, se reunieron con el Presidente de la Comisi\u00f3n T\u00e9cnica Mixta de Salto Grande, doctor Carlos Albisu.<\/p>\n<p>All\u00ed pudieron acordar, seg\u00fan explicaron luego, que \u201cla obra ya est\u00e1 concretada y firmada en convenio del BID con CTM; se realizar\u00e1 en ambas m\u00e1rgenes, tanto en Argentina como en Uruguay, desde Arenitas Blancas hasta la desembocadura del Arroyo San Antonio, es una construcci\u00f3n en base a rocas y a vegetaci\u00f3n\u201d.<\/p>\n<p>Gustavo \u201cVarilla\u201d San Andrea reflexionaba: \u201ces un sue\u00f1o alcanzado por todos los salte\u00f1os\u2026con esfuerzo y voluntad estamos ante un hecho hist\u00f3rico para nuestro departamento\u201d.<\/p>\n<p>Asimismo, aunque a\u00fan no adelant\u00f3 m\u00e1s detalles, inform\u00f3 que \u201ctambi\u00e9n tendremos una reuni\u00f3n a confirmar con el Presidente de la Rep\u00fablica, doctor Luis Lacalle Pou y el Ejecutivo, sobre otras propuestas, para seguir beneficiando a nuestro querido Salto. Como siempre, los tendremos informados sobre otras actividades a seguir. Entre todos los salte\u00f1os lograremos grandes cosas\u201d.<\/p>\n","protected":false},"excerpt":{"rendered":"<p>\u201cCon profunda alegr\u00eda queremos comunicar que los trabajos de construcci\u00f3n para proteger la erosi\u00f3n de nuestra costa, comenzar\u00e1n en el mes de febrero de 2021\u201d, comunic\u00f3 este jueves, en diversas redes sociales, el grupo \u201cRecuperemos la costa de Salto\u201d &nbsp; Confirmaron, ante la consulta period\u00edstica de diario \u201cEl Pueblo\u201d, que esto es as\u00ed, tras lo acordado en la ma\u00f1ana del mi\u00e9rcoles en reuni\u00f3n mantenida con la Comisi\u00f3n T\u00e9cnica Mixta de Salto Grande (CTM). Este grupo de salte\u00f1os, que se define como independiente de toda ideolog\u00eda pol\u00edtica o religiosa, viene trabajando&#8230;<\/p>\n","protected":false},"author":3,"featured_media":63952,"comment_status":"closed","ping_status":"closed","sticky":false,"template":"","format":"standard","meta":[],"categories":[15],"tags":[],"_links":{"self":[{"href":"https:\/\/www.actualidadadiario.com\/index.php\/wp-json\/wp\/v2\/posts\/63951"}],"collection":[{"href":"https:\/\/www.actualidadadiario.com\/index.php\/wp-json\/wp\/v2\/posts"}],"about":[{"href":"https:\/\/www.actualidadadiario.com\/index.php\/wp-json\/wp\/v2\/types\/post"}],"author":[{"embeddable":true,"href":"https:\/\/www.actualidadadiario.com\/index.php\/wp-json\/wp\/v2\/users\/3"}],"replies":[{"embeddable":true,"href":"https:\/\/www.actualidadadiario.com\/index.php\/wp-json\/wp\/v2\/comments?post=63951"}],"version-history":[{"count":1,"href":"https:\/\/www.actualidadadiario.com\/index.php\/wp-json\/wp\/v2\/posts\/63951\/revisions"}],"predecessor-version":[{"id":63953,"href":"https:\/\/www.actualidadadiario.com\/index.php\/wp-json\/wp\/v2\/posts\/63951\/revisions\/63953"}],"wp:featuredmedia":[{"embeddable":true,"href":"https:\/\/www.actualidadadiario.com\/index.php\/wp-json\/wp\/v2\/media\/63952"}],"wp:attachment":[{"href":"https:\/\/www.actualidadadiario.com\/index.php\/wp-json\/wp\/v2\/media?parent=63951"}],"wp:term":[{"taxonomy":"category","embeddable":true,"href":"https:\/\/www.actualidadadiario.com\/index.php\/wp-json\/wp\/v2\/categories?post=63951"},{"taxonomy":"post_tag","embeddable":true,"href":"https:\/\/www.actualidadadiario.com\/index.php\/wp-json\/wp\/v2\/tags?post=63951"}],"curies":[{"name":"wp","href":"https:\/\/api.w.org\/{rel}","templated":true}]}}