{"id":63949,"date":"2020-07-10T13:56:56","date_gmt":"2020-07-10T16:56:56","guid":{"rendered":"https:\/\/www.actualidadadiario.com\/?p=63949"},"modified":"2020-07-30T16:03:59","modified_gmt":"2020-07-30T19:03:59","slug":"nos-queda-retomar-las-clases-y-para-eso-ya-estamos-trabajando-en-un-protocolo-anticipo-bordet","status":"publish","type":"post","link":"https:\/\/www.actualidadadiario.com\/index.php\/2020\/07\/10\/nos-queda-retomar-las-clases-y-para-eso-ya-estamos-trabajando-en-un-protocolo-anticipo-bordet\/","title":{"rendered":"\u201cNos queda retomar las clases y para eso ya estamos trabajando en un protocolo&#8221;, anticip\u00f3 Bordet"},"content":{"rendered":"<p style=\"text-align: center;\"><em><strong>Desde Concordia -donde particip\u00f3 del izamiento de la Bandera en conmemoraci\u00f3n de los 204 a\u00f1os de la independencia Argentina- el gobernador Gustavo Bordet destac\u00f3 la situaci\u00f3n provincial respecto del coronavirus y asegur\u00f3 que en varios departamentos est\u00e1 normalizada casi en su totalidad. Adem\u00e1s, hizo menci\u00f3n al tercer pago del Ingreso Familiar de Emergencia anunciado por el presidente Fern\u00e1ndez<\/strong><\/em><\/p>\n<p>&nbsp;<\/p>\n<p>&nbsp;<\/p>\n<p>Respecto del Ingreso Familiar de Emergencia indic\u00f3 que \u201crecibimos ayer la muy buena noticia que transmiti\u00f3 el Presidente de que el Ingreso Familiar de Emergencia (IFE) va a sostenerse este mes; esto es muy importante, hay muchos beneficiarios en Entre R\u00edos y ayuda a evitar que puedan penetrar la l\u00ednea de pobreza. Esto nos obliga a tener un esp\u00edritu solidario entre todos los entrerrianos, entender que hay mucha gente que est\u00e1 pasando muy mal y que tenemos que poner todos el m\u00e1ximo sacrificio para generar una equilibrio que permita que nuestra sociedad se pueda desarrollar\u201d.<\/p>\n<p>Por otra parte, hizo notar que \u201choy en la provincia de Entre R\u00edos el 93 por ciento de toda la actividad industrial, comercial, productiva, de servicios est\u00e1 habilitada, queda muy poco y est\u00e1 restringida pr\u00e1cticamente a las ciudades que no presentan casos de transmisi\u00f3n por conglomerado. Hoy hay tres ciudades en esas situaci\u00f3n, Sana Ana, Ibicuy y Paran\u00e1, el resto est\u00e1 pr\u00e1cticamente tendiendo a normalizarse\u201d.<\/p>\n<p>\u201cNos queda retomar las clases y para eso ya estamos trabajando en un protocolo, pero tambi\u00e9n estamos pensando de qu\u00e9 forma trabajamos junto al sector privado para poner lo mejor de cada uno y encontrar las soluciones que hoy necesita el pa\u00eds y la provincia\u201d, subray\u00f3.<\/p>\n","protected":false},"excerpt":{"rendered":"<p>Desde Concordia -donde particip\u00f3 del izamiento de la Bandera en conmemoraci\u00f3n de los 204 a\u00f1os de la independencia Argentina- el gobernador Gustavo Bordet destac\u00f3 la situaci\u00f3n provincial respecto del coronavirus y asegur\u00f3 que en varios departamentos est\u00e1 normalizada casi en su totalidad. Adem\u00e1s, hizo menci\u00f3n al tercer pago del Ingreso Familiar de Emergencia anunciado por el presidente Fern\u00e1ndez &nbsp; &nbsp; Respecto del Ingreso Familiar de Emergencia indic\u00f3 que \u201crecibimos ayer la muy buena noticia que transmiti\u00f3 el Presidente de que el Ingreso Familiar de Emergencia (IFE) va a sostenerse este&#8230;<\/p>\n","protected":false},"author":3,"featured_media":62975,"comment_status":"closed","ping_status":"closed","sticky":false,"template":"","format":"standard","meta":[],"categories":[9,15],"tags":[],"_links":{"self":[{"href":"https:\/\/www.actualidadadiario.com\/index.php\/wp-json\/wp\/v2\/posts\/63949"}],"collection":[{"href":"https:\/\/www.actualidadadiario.com\/index.php\/wp-json\/wp\/v2\/posts"}],"about":[{"href":"https:\/\/www.actualidadadiario.com\/index.php\/wp-json\/wp\/v2\/types\/post"}],"author":[{"embeddable":true,"href":"https:\/\/www.actualidadadiario.com\/index.php\/wp-json\/wp\/v2\/users\/3"}],"replies":[{"embeddable":true,"href":"https:\/\/www.actualidadadiario.com\/index.php\/wp-json\/wp\/v2\/comments?post=63949"}],"version-history":[{"count":1,"href":"https:\/\/www.actualidadadiario.com\/index.php\/wp-json\/wp\/v2\/posts\/63949\/revisions"}],"predecessor-version":[{"id":63950,"href":"https:\/\/www.actualidadadiario.com\/index.php\/wp-json\/wp\/v2\/posts\/63949\/revisions\/63950"}],"wp:featuredmedia":[{"embeddable":true,"href":"https:\/\/www.actualidadadiario.com\/index.php\/wp-json\/wp\/v2\/media\/62975"}],"wp:attachment":[{"href":"https:\/\/www.actualidadadiario.com\/index.php\/wp-json\/wp\/v2\/media?parent=63949"}],"wp:term":[{"taxonomy":"category","embeddable":true,"href":"https:\/\/www.actualidadadiario.com\/index.php\/wp-json\/wp\/v2\/categories?post=63949"},{"taxonomy":"post_tag","embeddable":true,"href":"https:\/\/www.actualidadadiario.com\/index.php\/wp-json\/wp\/v2\/tags?post=63949"}],"curies":[{"name":"wp","href":"https:\/\/api.w.org\/{rel}","templated":true}]}}