{"id":63946,"date":"2020-07-10T13:56:01","date_gmt":"2020-07-10T16:56:01","guid":{"rendered":"https:\/\/www.actualidadadiario.com\/?p=63946"},"modified":"2020-07-30T16:04:09","modified_gmt":"2020-07-30T19:04:09","slug":"se-creo-el-foro-virtual-de-pesca-del-rio-uruguay","status":"publish","type":"post","link":"https:\/\/www.actualidadadiario.com\/index.php\/2020\/07\/10\/se-creo-el-foro-virtual-de-pesca-del-rio-uruguay\/","title":{"rendered":"Se cre\u00f3 el foro virtual de pesca del R\u00edo Uruguay"},"content":{"rendered":"<p style=\"text-align: center;\"><em><strong>Bajo la coordinaci\u00f3n de la Direcci\u00f3n de Recursos Naturales, se cre\u00f3 un espacio de funcionamiento virtual cuyo objetivo es plasmar las inquietudes de los diferentes actores que participan de la pesca artesanal y deportiva, revalorizando el recurso ict\u00edcola que se aloja en el r\u00edo Uruguay<\/strong><\/em><\/p>\n<p>&nbsp;<\/p>\n<p>&nbsp;<\/p>\n<p>Durante el mes pasado se logr\u00f3 sintetizar demandas de diferentes actores del sector ict\u00edcola y se dio forma a un espacio -en principio virtual- en el que confluyen las voces de los representantes de la pesca de localidades entrerrianas que tienen costa sobre el r\u00edo Uruguay.<\/p>\n<p>En este sentido, el director de Recursos Naturales, Mariano Farall, indic\u00f3 \u201cque este espacio de funcionamiento virtual, intentar\u00e1 revalorizar de forma identitaria al sector de la pesca artesanal y deportiva, donde se expresan los esfuerzos de un sinn\u00famero de personas a lo largo de los m\u00e1s de quinientos kil\u00f3metros de costa y cursos de agua que posee el r\u00edo Uruguay en nuestra provincia, y donde se aloja un recurso ict\u00edcola \u00fanico en la regi\u00f3n\u201d.<\/p>\n<p>Este encuentro permanente ha sido propiciado por el Ministerio de Producci\u00f3n de Entre R\u00edos, bajo la coordinaci\u00f3n de la Direcci\u00f3n Recursos Naturales, de forma conjunta con la Direcci\u00f3n General de Fiscalizaci\u00f3n, dependientes de la Secretar\u00eda de Agricultura y Ganader\u00eda, organismos que llevan adelante acciones tendientes a plasmar una fuerte impronta de presencia territorial con el objetivo de difundir, concientizar y ejercer el control del cumplimiento de la Ley Provincial de Pesca N\u00b04892 y sus reglamentaciones complementarias en pos del cuidado de nuestro valioso recurso pesquero.<\/p>\n<p>&nbsp;<\/p>\n<p><strong>Tem\u00e1ticas<\/strong><\/p>\n<p>Seg\u00fan cont\u00f3 Farall, los temas abordados en estas instancias, fueron los \u201crequisitos para la entrega de carnets habilitantes para pescadores artesanales, el diagn\u00f3stico socio econ\u00f3mico actual, la necesidad de unificar criterios para la representaci\u00f3n del sector de la pesca de esta zona, las normativas vigentes y propuestas modificatorias para contener a absolutamente todos los actores, y la importancia de profundizar estudios regionales del recurso para su cuidado y preservaci\u00f3n\u201d, entre otros.<\/p>\n<p>Los participantes de este foro representan a municipios de los departamentos de Federaci\u00f3n, Concordia, Col\u00f3n, Concepci\u00f3n del Uruguay, Gualeguaych\u00fa e Islas del Ibicuy, a trav\u00e9s de sus \u00e1reas de Producci\u00f3n y Econom\u00eda Social, como tambi\u00e9n representantes regionales de la Secretar\u00eda de Agricultura Familiar dependiente del MAGyP.<\/p>\n<p>\u201cCon el esp\u00edritu de fortalecer el espacio, es que se convoc\u00f3 a participar a representantes p\u00fablicos y privados de la actividad, como as\u00ed tambi\u00e9n a las comunidades que practican y tienen estrecho v\u00ednculo con la pesca. De esta manera, creemos que la participaci\u00f3n activa de todos los actores del sector, es necesaria para el desarrollo responsable y justo, teniendo como eje central al cuidado de los recursos naturales para el aprovechamiento de las futuras generaciones\u201d, concluy\u00f3 Farall.<\/p>\n","protected":false},"excerpt":{"rendered":"<p>Bajo la coordinaci\u00f3n de la Direcci\u00f3n de Recursos Naturales, se cre\u00f3 un espacio de funcionamiento virtual cuyo objetivo es plasmar las inquietudes de los diferentes actores que participan de la pesca artesanal y deportiva, revalorizando el recurso ict\u00edcola que se aloja en el r\u00edo Uruguay &nbsp; &nbsp; Durante el mes pasado se logr\u00f3 sintetizar demandas de diferentes actores del sector ict\u00edcola y se dio forma a un espacio -en principio virtual- en el que confluyen las voces de los representantes de la pesca de localidades entrerrianas que tienen costa sobre&#8230;<\/p>\n","protected":false},"author":3,"featured_media":63947,"comment_status":"closed","ping_status":"closed","sticky":false,"template":"","format":"standard","meta":[],"categories":[15],"tags":[],"_links":{"self":[{"href":"https:\/\/www.actualidadadiario.com\/index.php\/wp-json\/wp\/v2\/posts\/63946"}],"collection":[{"href":"https:\/\/www.actualidadadiario.com\/index.php\/wp-json\/wp\/v2\/posts"}],"about":[{"href":"https:\/\/www.actualidadadiario.com\/index.php\/wp-json\/wp\/v2\/types\/post"}],"author":[{"embeddable":true,"href":"https:\/\/www.actualidadadiario.com\/index.php\/wp-json\/wp\/v2\/users\/3"}],"replies":[{"embeddable":true,"href":"https:\/\/www.actualidadadiario.com\/index.php\/wp-json\/wp\/v2\/comments?post=63946"}],"version-history":[{"count":1,"href":"https:\/\/www.actualidadadiario.com\/index.php\/wp-json\/wp\/v2\/posts\/63946\/revisions"}],"predecessor-version":[{"id":63948,"href":"https:\/\/www.actualidadadiario.com\/index.php\/wp-json\/wp\/v2\/posts\/63946\/revisions\/63948"}],"wp:featuredmedia":[{"embeddable":true,"href":"https:\/\/www.actualidadadiario.com\/index.php\/wp-json\/wp\/v2\/media\/63947"}],"wp:attachment":[{"href":"https:\/\/www.actualidadadiario.com\/index.php\/wp-json\/wp\/v2\/media?parent=63946"}],"wp:term":[{"taxonomy":"category","embeddable":true,"href":"https:\/\/www.actualidadadiario.com\/index.php\/wp-json\/wp\/v2\/categories?post=63946"},{"taxonomy":"post_tag","embeddable":true,"href":"https:\/\/www.actualidadadiario.com\/index.php\/wp-json\/wp\/v2\/tags?post=63946"}],"curies":[{"name":"wp","href":"https:\/\/api.w.org\/{rel}","templated":true}]}}