{"id":63939,"date":"2020-07-08T12:42:56","date_gmt":"2020-07-08T15:42:56","guid":{"rendered":"https:\/\/www.actualidadadiario.com\/?p=63939"},"modified":"2020-07-08T12:42:56","modified_gmt":"2020-07-08T15:42:56","slug":"periodistas-demandaran-a-bolsonaro-por-no-usar-barbijo","status":"publish","type":"post","link":"https:\/\/www.actualidadadiario.com\/index.php\/2020\/07\/08\/periodistas-demandaran-a-bolsonaro-por-no-usar-barbijo\/","title":{"rendered":"Periodistas demandar\u00e1n a Bolsonaro por no usar barbijo"},"content":{"rendered":"<p style=\"text-align: center;\"><em><strong>La Asociaci\u00f3n Brasile\u00f1a de Prensa alega que el mandatario continu\u00f3 brindando declaraciones tras ser infectado por el nuevo coronavirus. Expuso al pr\u00f3jimo<\/strong><\/em><\/p>\n<p>&nbsp;<\/p>\n<p>La Asociaci\u00f3n Brasile\u00f1a de Prensa (ABI, por sus siglas en portugu\u00e9s) ha anunciado que presentar\u00e1 una demanda contra el presidente Jair Bolsonaro por exponer a los periodistas frente a los peligros de la pandemia.<\/p>\n<p>La instituci\u00f3n alega que el mandatario continu\u00f3 brindando declaraciones tras ser infectado por el nuevo coronavirus.<\/p>\n<p>Seg\u00fan el comunicado, titulado &#8220;Bolsonaro comete otro crimen&#8221;, el presidente puso en riesgo la vida de otras personas al comunicar &#8220;personalmente&#8221; el resultado positivo de la prueba por covid-19.<\/p>\n<p>Incluso, el texto menciona que el mandatario se retir\u00f3 la mascarilla cuando estuvo cerca de dos reporteros.<\/p>\n<p>&#8220;Con esa actitud, infringi\u00f3 el C\u00f3digo Penal, que en su art\u00edculo 131 dice: &#8216;practicar, con el fin de transmitir a otros una enfermedad grave de la que se est\u00e1 infectado, un acto capaz de producir el contagio&#8221;, se\u00f1ala el presidente de la ABI, Paulo Jer\u00f3nimo de Sousa, y explica que esa falta conlleva una pena de uno a cuatro a\u00f1os de prisi\u00f3n y una multa.<\/p>\n<p>Asimismo, el directivo agrega que Bolsonaro tambi\u00e9n viol\u00f3 el art\u00edculo 132 al &#8220;exponer la vida o la salud de otros a un peligro directo e inminente&#8221;, cuya sanci\u00f3n contempla la privaci\u00f3n de la libertad de tres meses a un a\u00f1o, consigna el sitio Actualidad.rt<\/p>\n<p>De Sousa considera que el presidente del pa\u00eds sudamericano &#8220;contin\u00faa actuando de forma criminal&#8221;, y expres\u00f3 su rechazo por los &#8220;sucesivos comportamientos que van m\u00e1s all\u00e1 de la irresponsabilidad y configuran claros delitos contra la salud p\u00fablica&#8221;.<\/p>\n","protected":false},"excerpt":{"rendered":"<p>La Asociaci\u00f3n Brasile\u00f1a de Prensa alega que el mandatario continu\u00f3 brindando declaraciones tras ser infectado por el nuevo coronavirus. Expuso al pr\u00f3jimo &nbsp; La Asociaci\u00f3n Brasile\u00f1a de Prensa (ABI, por sus siglas en portugu\u00e9s) ha anunciado que presentar\u00e1 una demanda contra el presidente Jair Bolsonaro por exponer a los periodistas frente a los peligros de la pandemia. La instituci\u00f3n alega que el mandatario continu\u00f3 brindando declaraciones tras ser infectado por el nuevo coronavirus. Seg\u00fan el comunicado, titulado &#8220;Bolsonaro comete otro crimen&#8221;, el presidente puso en riesgo la vida de otras&#8230;<\/p>\n","protected":false},"author":3,"featured_media":63940,"comment_status":"closed","ping_status":"closed","sticky":false,"template":"","format":"standard","meta":[],"categories":[4],"tags":[],"_links":{"self":[{"href":"https:\/\/www.actualidadadiario.com\/index.php\/wp-json\/wp\/v2\/posts\/63939"}],"collection":[{"href":"https:\/\/www.actualidadadiario.com\/index.php\/wp-json\/wp\/v2\/posts"}],"about":[{"href":"https:\/\/www.actualidadadiario.com\/index.php\/wp-json\/wp\/v2\/types\/post"}],"author":[{"embeddable":true,"href":"https:\/\/www.actualidadadiario.com\/index.php\/wp-json\/wp\/v2\/users\/3"}],"replies":[{"embeddable":true,"href":"https:\/\/www.actualidadadiario.com\/index.php\/wp-json\/wp\/v2\/comments?post=63939"}],"version-history":[{"count":1,"href":"https:\/\/www.actualidadadiario.com\/index.php\/wp-json\/wp\/v2\/posts\/63939\/revisions"}],"predecessor-version":[{"id":63941,"href":"https:\/\/www.actualidadadiario.com\/index.php\/wp-json\/wp\/v2\/posts\/63939\/revisions\/63941"}],"wp:featuredmedia":[{"embeddable":true,"href":"https:\/\/www.actualidadadiario.com\/index.php\/wp-json\/wp\/v2\/media\/63940"}],"wp:attachment":[{"href":"https:\/\/www.actualidadadiario.com\/index.php\/wp-json\/wp\/v2\/media?parent=63939"}],"wp:term":[{"taxonomy":"category","embeddable":true,"href":"https:\/\/www.actualidadadiario.com\/index.php\/wp-json\/wp\/v2\/categories?post=63939"},{"taxonomy":"post_tag","embeddable":true,"href":"https:\/\/www.actualidadadiario.com\/index.php\/wp-json\/wp\/v2\/tags?post=63939"}],"curies":[{"name":"wp","href":"https:\/\/api.w.org\/{rel}","templated":true}]}}