{"id":63930,"date":"2020-07-08T12:38:39","date_gmt":"2020-07-08T15:38:39","guid":{"rendered":"https:\/\/www.actualidadadiario.com\/?p=63930"},"modified":"2020-07-08T12:38:39","modified_gmt":"2020-07-08T15:38:39","slug":"el-espanol-fernando-alonso-vuelve-a-la-formula-1-y-correra-con-renault","status":"publish","type":"post","link":"https:\/\/www.actualidadadiario.com\/index.php\/2020\/07\/08\/el-espanol-fernando-alonso-vuelve-a-la-formula-1-y-correra-con-renault\/","title":{"rendered":"El espa\u00f1ol Fernando Alonso vuelve a la F\u00f3rmula 1 y correr\u00e1 con Renault"},"content":{"rendered":"<p style=\"text-align: center;\"><em><strong>El piloto espa\u00f1ol Fernando Alonso volver\u00e1 a competir en la F\u00f3rmula Uno en 2021. Regresar\u00e1 a la m\u00e1xima categor\u00eda del automovilismo en la escuder\u00eda Renault, con la que gan\u00f3 sus dos t\u00edtulos mundiales en 2005 y 2006, seg\u00fan inform\u00f3 oficialmente este mi\u00e9rcoles la marca francesa<\/strong><\/em><\/p>\n<p>&nbsp;<\/p>\n<p>\u201cSu presencia es un activo formidable a nivel deportivo, pero tambi\u00e9n para la marca a la que est\u00e1 muy apegado. La fuerza del v\u00ednculo entre \u00e9l, el equipo y los fan\u00e1ticos lo convierten en una elecci\u00f3n natural. Su experiencia y determinaci\u00f3n nos permitir\u00e1n sacar lo mejor de nosotros para llevar al equipo hacia la excelencia que exige la F\u00f3rmula Uno moderna&#8221; dijo Cyril Abiteboul, director general de Renault competici\u00f3n y jefe del equipo de F1.<\/p>\n<p>Alonso sustituir\u00e1 al australiano Daniel Ricciardo, quien ya anunci\u00f3 su marcha a McLaren para ocupar el puesto del espa\u00f1ol Carlos Sainz despu\u00e9s de que \u00e9ste firmase un contrato por dos temporadas para vestir de rojo en Ferrari.<\/p>\n<p>El asturiano, el piloto que m\u00e1s corri\u00f3 para Renault en la historia con 105 carreras, decidi\u00f3 dejar la F1 al concluir el 2018, tras 17 temporadas en la categor\u00eda con un balance de dos t\u00edtulos mundiales, 32 victorias, 22 &#8216;poles&#8217; y 97 podios.<\/p>\n<p>El bicampe\u00f3n del mundo aprovech\u00f3 estos dos a\u00f1os para concretar diversos retos en el automovilismo y se consagr\u00f3 bicampe\u00f3n del mundo del Campeonato del Mundo de Resistencia (WEC), venci\u00f3 dos veces en la m\u00edtica prueba de las 24 Horas de Le Mans con el equipo Toyota y gan\u00f3 las 24 Horas de Daytona.<\/p>\n<p>La gran aventura fue competir en el Rally Dakar y junto a Marc Coma de copiloto, fue 13ro. y estuvo muy cerca de ganar algunas etapas.<\/p>\n","protected":false},"excerpt":{"rendered":"<p>El piloto espa\u00f1ol Fernando Alonso volver\u00e1 a competir en la F\u00f3rmula Uno en 2021. Regresar\u00e1 a la m\u00e1xima categor\u00eda del automovilismo en la escuder\u00eda Renault, con la que gan\u00f3 sus dos t\u00edtulos mundiales en 2005 y 2006, seg\u00fan inform\u00f3 oficialmente este mi\u00e9rcoles la marca francesa &nbsp; \u201cSu presencia es un activo formidable a nivel deportivo, pero tambi\u00e9n para la marca a la que est\u00e1 muy apegado. La fuerza del v\u00ednculo entre \u00e9l, el equipo y los fan\u00e1ticos lo convierten en una elecci\u00f3n natural. Su experiencia y determinaci\u00f3n nos permitir\u00e1n sacar&#8230;<\/p>\n","protected":false},"author":3,"featured_media":63931,"comment_status":"closed","ping_status":"closed","sticky":false,"template":"","format":"standard","meta":[],"categories":[4],"tags":[],"_links":{"self":[{"href":"https:\/\/www.actualidadadiario.com\/index.php\/wp-json\/wp\/v2\/posts\/63930"}],"collection":[{"href":"https:\/\/www.actualidadadiario.com\/index.php\/wp-json\/wp\/v2\/posts"}],"about":[{"href":"https:\/\/www.actualidadadiario.com\/index.php\/wp-json\/wp\/v2\/types\/post"}],"author":[{"embeddable":true,"href":"https:\/\/www.actualidadadiario.com\/index.php\/wp-json\/wp\/v2\/users\/3"}],"replies":[{"embeddable":true,"href":"https:\/\/www.actualidadadiario.com\/index.php\/wp-json\/wp\/v2\/comments?post=63930"}],"version-history":[{"count":1,"href":"https:\/\/www.actualidadadiario.com\/index.php\/wp-json\/wp\/v2\/posts\/63930\/revisions"}],"predecessor-version":[{"id":63932,"href":"https:\/\/www.actualidadadiario.com\/index.php\/wp-json\/wp\/v2\/posts\/63930\/revisions\/63932"}],"wp:featuredmedia":[{"embeddable":true,"href":"https:\/\/www.actualidadadiario.com\/index.php\/wp-json\/wp\/v2\/media\/63931"}],"wp:attachment":[{"href":"https:\/\/www.actualidadadiario.com\/index.php\/wp-json\/wp\/v2\/media?parent=63930"}],"wp:term":[{"taxonomy":"category","embeddable":true,"href":"https:\/\/www.actualidadadiario.com\/index.php\/wp-json\/wp\/v2\/categories?post=63930"},{"taxonomy":"post_tag","embeddable":true,"href":"https:\/\/www.actualidadadiario.com\/index.php\/wp-json\/wp\/v2\/tags?post=63930"}],"curies":[{"name":"wp","href":"https:\/\/api.w.org\/{rel}","templated":true}]}}