{"id":63927,"date":"2020-07-08T12:37:21","date_gmt":"2020-07-08T15:37:21","guid":{"rendered":"https:\/\/www.actualidadadiario.com\/?p=63927"},"modified":"2020-07-08T12:37:21","modified_gmt":"2020-07-08T15:37:21","slug":"estados-unidos-comenzo-su-salida-de-la-oms","status":"publish","type":"post","link":"https:\/\/www.actualidadadiario.com\/index.php\/2020\/07\/08\/estados-unidos-comenzo-su-salida-de-la-oms\/","title":{"rendered":"Estados Unidos comenz\u00f3 su salida de la OMS"},"content":{"rendered":"<p style=\"text-align: center;\"><em><strong>El presidente de Estados Unidos, Donald Trump, decidi\u00f3 comenzar el proceso de salida de la OMS, a pesar del aumento de casos de coronavirus en todo el pa\u00eds<\/strong><\/em><\/p>\n<p>&nbsp;<\/p>\n<p>A partir de este marte, 7 de julio, Estados Unidos comenz\u00f3 el proceso de salida formal de la Organizaci\u00f3n Mundial de la Salud (OMS), cumpliendo as\u00ed las amenazas que hab\u00eda realizado en diversas ocasiones el presidente de dicho pa\u00eds, Donald Trump, quien hab\u00eda llegado a culpar a la organizaci\u00f3n por la pandemia de coronavirus que se vive hoy en d\u00eda.<\/p>\n<p>Esto significa que el mayor donante de la OMS se retirar\u00eda de la misma y con ellos se perder\u00edan el 15% de los recursos totales del organismo, con los que durante su historia ayud\u00f3 a luchar y destruir enfermedades como la polio, el sarampi\u00f3n y tambi\u00e9n gener\u00f3 una mejora en materia de la salud mental en todo el mundo.<\/p>\n<p>Trump acus\u00f3 a la OMS de haber encubierto la magnitud de la pandemia del coronavirus y dijo que las posiciones de la organizaci\u00f3n son muy cercanas a China, donde se detect\u00f3 por primera vez el virus en diciembre y al que tambi\u00e9n responsabiliza de su propagaci\u00f3n. Despu\u00e9s de varias amenazas de Trump de suspender las contribuciones por el orden de los 400 millones de d\u00f3lares anuales, el mandatario estadounidense finalmente notific\u00f3 al secretario general de la ONU, Antonio Guterres, que su pa\u00eds inicia la retirada del organismo, inform\u00f3 un portavoz del Departamento de Estado.<\/p>\n<p>La carta de notificaci\u00f3n fue enviada mucho despu\u00e9s de que Trump anunciara el 29 de marzo que su pa\u00eds dejaba la organizaci\u00f3n por las diferencias en el trato hacia China, denunciando que Pek\u00edn ostentaba &#8220;el control total&#8221; del organismo. El retiro ser\u00e1 efectivo en un a\u00f1o -el 6 de julio de 2021- por lo que si Joe Biden, el rival dem\u00f3crata de Trump en las elecciones de noviembre gana, esta decisi\u00f3n podr\u00eda quedar en suspenso.<\/p>\n<p>Muchos cr\u00edticos del presidente afirman que este anuncio es una distracci\u00f3n para la opini\u00f3n p\u00fablica sobre el manejo de la pandemia en Estados Unidos, ya que este el pa\u00eds con m\u00e1s muertos por el coronavirus, con m\u00e1s de 130.306 fallecidos, mientras que enfrenta un alza de los contagios en el sur y el oeste de la naci\u00f3n.<\/p>\n","protected":false},"excerpt":{"rendered":"<p>El presidente de Estados Unidos, Donald Trump, decidi\u00f3 comenzar el proceso de salida de la OMS, a pesar del aumento de casos de coronavirus en todo el pa\u00eds &nbsp; A partir de este marte, 7 de julio, Estados Unidos comenz\u00f3 el proceso de salida formal de la Organizaci\u00f3n Mundial de la Salud (OMS), cumpliendo as\u00ed las amenazas que hab\u00eda realizado en diversas ocasiones el presidente de dicho pa\u00eds, Donald Trump, quien hab\u00eda llegado a culpar a la organizaci\u00f3n por la pandemia de coronavirus que se vive hoy en d\u00eda. Esto&#8230;<\/p>\n","protected":false},"author":3,"featured_media":63928,"comment_status":"closed","ping_status":"closed","sticky":false,"template":"","format":"standard","meta":[],"categories":[4],"tags":[],"_links":{"self":[{"href":"https:\/\/www.actualidadadiario.com\/index.php\/wp-json\/wp\/v2\/posts\/63927"}],"collection":[{"href":"https:\/\/www.actualidadadiario.com\/index.php\/wp-json\/wp\/v2\/posts"}],"about":[{"href":"https:\/\/www.actualidadadiario.com\/index.php\/wp-json\/wp\/v2\/types\/post"}],"author":[{"embeddable":true,"href":"https:\/\/www.actualidadadiario.com\/index.php\/wp-json\/wp\/v2\/users\/3"}],"replies":[{"embeddable":true,"href":"https:\/\/www.actualidadadiario.com\/index.php\/wp-json\/wp\/v2\/comments?post=63927"}],"version-history":[{"count":1,"href":"https:\/\/www.actualidadadiario.com\/index.php\/wp-json\/wp\/v2\/posts\/63927\/revisions"}],"predecessor-version":[{"id":63929,"href":"https:\/\/www.actualidadadiario.com\/index.php\/wp-json\/wp\/v2\/posts\/63927\/revisions\/63929"}],"wp:featuredmedia":[{"embeddable":true,"href":"https:\/\/www.actualidadadiario.com\/index.php\/wp-json\/wp\/v2\/media\/63928"}],"wp:attachment":[{"href":"https:\/\/www.actualidadadiario.com\/index.php\/wp-json\/wp\/v2\/media?parent=63927"}],"wp:term":[{"taxonomy":"category","embeddable":true,"href":"https:\/\/www.actualidadadiario.com\/index.php\/wp-json\/wp\/v2\/categories?post=63927"},{"taxonomy":"post_tag","embeddable":true,"href":"https:\/\/www.actualidadadiario.com\/index.php\/wp-json\/wp\/v2\/tags?post=63927"}],"curies":[{"name":"wp","href":"https:\/\/api.w.org\/{rel}","templated":true}]}}