{"id":63924,"date":"2020-07-08T12:36:34","date_gmt":"2020-07-08T15:36:34","guid":{"rendered":"https:\/\/www.actualidadadiario.com\/?p=63924"},"modified":"2020-07-08T12:36:34","modified_gmt":"2020-07-08T15:36:34","slug":"sinceramente-el-saludo-de-alberto-a-bolsonaro-tras-su-positivo-de-coronavirus","status":"publish","type":"post","link":"https:\/\/www.actualidadadiario.com\/index.php\/2020\/07\/08\/sinceramente-el-saludo-de-alberto-a-bolsonaro-tras-su-positivo-de-coronavirus\/","title":{"rendered":"&#8220;Sinceramente&#8221;, el saludo de Alberto a Bolsonaro, tras su positivo de coronavirus"},"content":{"rendered":"<p style=\"text-align: center;\"><em><strong>El presidente argentino, que suele ser muy cr\u00edtico de su par de Brasil, le mand\u00f3 un deseo de recuperaci\u00f3n. &#8220;Este virus no distingue a gobernantes y gobernados&#8221;, le escribi\u00f3<\/strong><\/em><\/p>\n<p>&nbsp;<\/p>\n<p>&nbsp;<\/p>\n<p>El presidente de Argentina, Alberto Fern\u00e1ndez, le mand\u00f3 una carta con un deseo de pronta recuperaci\u00f3n a su par de Brasil, Jair Bolsonaro, tras haberse confirmado que dio positivo de coronavirus. La remat\u00f3 con un &#8220;sinceramente&#8221;, la misma palabra que Cristina Kirchner eligi\u00f3 para titular su reconocido libro. &#8220;La peligrosidad de esta pandemia queda manifiesta en los niveles de contagio. Este virus no distingue a sus gobernantes y gobernados. Todos y todas estamos amenazados y por eso deben extremarse los cuidados&#8221;, le escribi\u00f3.<\/p>\n<p>Fern\u00e1ndez, que fue muy cr\u00edtico del manejo que Bolsonaro hizo de la crisis del coronavirus, le escribi\u00f3: <em>&#8220;En esta hora dif\u00edcil, reciba mi saludo y toda la solidaridad con el pueblo de Brasil&#8221;. Al comienzo de la breve carta, le puso su deseo de que &#8220;pronto se recupere&#8221;.<\/em><\/p>\n<p>Y la firma, al final, con el Sinceramente. Hace una semana, en una charla virtual sobre Am\u00e9rica Latina despu\u00e9s de la pandemia, Alberto y Lula da Silva criticaron el manejo que Bolsonaro hizo de la pandemia, priorizando la econom\u00eda. Por razones de diplomacia, quien m\u00e1s lo atac\u00f3 fue Lula: &#8220;Es muy triste lo que sucede en Brasil y por eso quiero felicitar a Alberto Fern\u00e1ndez por la alta responsabilidad con la que viene enfrentando la pandemia&#8221;, le dijo.<\/p>\n<p>Fern\u00e1ndez, por su parte, resalt\u00f3 el rol del Estado y cuestion\u00f3, como viene haciendo, el rol del capitalismo en estos casos. &#8220;Nosotros ponderamos el valor de la vida, otros hacen n\u00fameros y estad\u00edsticas&#8221;, dijo el presidente argentino en esa charla virtual.<\/p>\n<p>Alberto Fern\u00e1ndez y Bolsonaro no se llevaron bien desde el principio. Uno de los motivos que los enfrent\u00f3 fue la libertad de Lula da Silva. Se criticaron en p\u00fablico y en privado. Ahora, en esta carta, Fern\u00e1ndez le marca m\u00e1s la gravedad de la pandemia del coronavirus, la misma enfermedad que Bolsonaro minimiza aun habiendo sido testeado positivo.<\/p>\n","protected":false},"excerpt":{"rendered":"<p>El presidente argentino, que suele ser muy cr\u00edtico de su par de Brasil, le mand\u00f3 un deseo de recuperaci\u00f3n. &#8220;Este virus no distingue a gobernantes y gobernados&#8221;, le escribi\u00f3 &nbsp; &nbsp; El presidente de Argentina, Alberto Fern\u00e1ndez, le mand\u00f3 una carta con un deseo de pronta recuperaci\u00f3n a su par de Brasil, Jair Bolsonaro, tras haberse confirmado que dio positivo de coronavirus. La remat\u00f3 con un &#8220;sinceramente&#8221;, la misma palabra que Cristina Kirchner eligi\u00f3 para titular su reconocido libro. &#8220;La peligrosidad de esta pandemia queda manifiesta en los niveles de&#8230;<\/p>\n","protected":false},"author":3,"featured_media":63925,"comment_status":"closed","ping_status":"closed","sticky":false,"template":"","format":"standard","meta":[],"categories":[18],"tags":[],"_links":{"self":[{"href":"https:\/\/www.actualidadadiario.com\/index.php\/wp-json\/wp\/v2\/posts\/63924"}],"collection":[{"href":"https:\/\/www.actualidadadiario.com\/index.php\/wp-json\/wp\/v2\/posts"}],"about":[{"href":"https:\/\/www.actualidadadiario.com\/index.php\/wp-json\/wp\/v2\/types\/post"}],"author":[{"embeddable":true,"href":"https:\/\/www.actualidadadiario.com\/index.php\/wp-json\/wp\/v2\/users\/3"}],"replies":[{"embeddable":true,"href":"https:\/\/www.actualidadadiario.com\/index.php\/wp-json\/wp\/v2\/comments?post=63924"}],"version-history":[{"count":1,"href":"https:\/\/www.actualidadadiario.com\/index.php\/wp-json\/wp\/v2\/posts\/63924\/revisions"}],"predecessor-version":[{"id":63926,"href":"https:\/\/www.actualidadadiario.com\/index.php\/wp-json\/wp\/v2\/posts\/63924\/revisions\/63926"}],"wp:featuredmedia":[{"embeddable":true,"href":"https:\/\/www.actualidadadiario.com\/index.php\/wp-json\/wp\/v2\/media\/63925"}],"wp:attachment":[{"href":"https:\/\/www.actualidadadiario.com\/index.php\/wp-json\/wp\/v2\/media?parent=63924"}],"wp:term":[{"taxonomy":"category","embeddable":true,"href":"https:\/\/www.actualidadadiario.com\/index.php\/wp-json\/wp\/v2\/categories?post=63924"},{"taxonomy":"post_tag","embeddable":true,"href":"https:\/\/www.actualidadadiario.com\/index.php\/wp-json\/wp\/v2\/tags?post=63924"}],"curies":[{"name":"wp","href":"https:\/\/api.w.org\/{rel}","templated":true}]}}